{"id":9915,"date":"2024-10-16T11:02:02","date_gmt":"2024-10-16T16:02:02","guid":{"rendered":"https:\/\/colombiaopina.com.co\/?p=9915"},"modified":"2024-10-16T11:19:32","modified_gmt":"2024-10-16T16:19:32","slug":"alarma-en-el-valle-de-aburra-se-recolectan-mas-de-una-tonelada-de-caracoles-invasores-en-2024","status":"publish","type":"post","link":"https:\/\/colombiaopina.com.co\/index.php\/2024\/10\/16\/alarma-en-el-valle-de-aburra-se-recolectan-mas-de-una-tonelada-de-caracoles-invasores-en-2024\/","title":{"rendered":"Alarma en el Valle de Aburr\u00e1: se recolectan m\u00e1s de una tonelada de caracoles invasores en 2024"},"content":{"rendered":"<p>El Valle de Aburr\u00e1 enfrenta una preocupante invasi\u00f3n de especies ex\u00f3ticas, como los caracoles africanos y de jard\u00edn, que este a\u00f1o han generado serios problemas en jardines, zonas p\u00fablicas y riberas. Las autoridades del \u00c1rea Metropolitana informaron que en el corrido del a\u00f1o se han recolectado cerca de 1.100 kilogramos de estas especies invasoras, tras atender m\u00e1s de 335 solicitudes de ciudadanos alarmados por la r\u00e1pida proliferaci\u00f3n de estos moluscos.<\/p><p>El caracol africano (Achatina fulica), originario de \u00c1frica oriental, y el caracol de jard\u00edn (Helix aspersa), introducido a Colombia en los a\u00f1os 70 con fines gastron\u00f3micos, han encontrado condiciones ideales para reproducirse en Antioquia, especialmente durante la temporada de lluvias. Luz Jeannette Mej\u00eda, l\u00edder de la unidad de Gesti\u00f3n del Riesgo y Cambio Clim\u00e1tico del \u00c1rea Metropolitana, se\u00f1al\u00f3 que se han sensibilizado a m\u00e1s de 2.100 personas para combatir la propagaci\u00f3n de estas especies, promoviendo la corresponsabilidad ciudadana.<\/p><figure class=\"wp-block-image size-large\"><img loading=\"lazy\" decoding=\"async\" width=\"1024\" height=\"576\" src=\"https:\/\/colombiaopina.com.co\/wp-content\/uploads\/2024\/10\/Alarma-en-el-Valle-de-Aburra.-se-recolectan-mas-de-una-tonelada-de-caracoles-invasores-en-2024-1024x576.jpeg\" alt=\"\" class=\"wp-image-9917\" srcset=\"https:\/\/colombiaopina.com.co\/wp-content\/uploads\/2024\/10\/Alarma-en-el-Valle-de-Aburra.-se-recolectan-mas-de-una-tonelada-de-caracoles-invasores-en-2024-1024x576.jpeg 1024w, https:\/\/colombiaopina.com.co\/wp-content\/uploads\/2024\/10\/Alarma-en-el-Valle-de-Aburra.-se-recolectan-mas-de-una-tonelada-de-caracoles-invasores-en-2024-300x169.jpeg 300w, https:\/\/colombiaopina.com.co\/wp-content\/uploads\/2024\/10\/Alarma-en-el-Valle-de-Aburra.-se-recolectan-mas-de-una-tonelada-de-caracoles-invasores-en-2024-768x432.jpeg 768w, https:\/\/colombiaopina.com.co\/wp-content\/uploads\/2024\/10\/Alarma-en-el-Valle-de-Aburra.-se-recolectan-mas-de-una-tonelada-de-caracoles-invasores-en-2024-150x84.jpeg 150w, https:\/\/colombiaopina.com.co\/wp-content\/uploads\/2024\/10\/Alarma-en-el-Valle-de-Aburra.-se-recolectan-mas-de-una-tonelada-de-caracoles-invasores-en-2024-696x392.jpeg 696w, https:\/\/colombiaopina.com.co\/wp-content\/uploads\/2024\/10\/Alarma-en-el-Valle-de-Aburra.-se-recolectan-mas-de-una-tonelada-de-caracoles-invasores-en-2024-1068x601.jpeg 1068w, https:\/\/colombiaopina.com.co\/wp-content\/uploads\/2024\/10\/Alarma-en-el-Valle-de-Aburra.-se-recolectan-mas-de-una-tonelada-de-caracoles-invasores-en-2024-600x338.jpeg 600w, https:\/\/colombiaopina.com.co\/wp-content\/uploads\/2024\/10\/Alarma-en-el-Valle-de-Aburra.-se-recolectan-mas-de-una-tonelada-de-caracoles-invasores-en-2024.jpeg 1440w\" sizes=\"(max-width: 1024px) 100vw, 1024px\" \/><\/figure><p>El caracol africano, adem\u00e1s de su r\u00e1pida reproducci\u00f3n, representa una amenaza para la biodiversidad y la salud p\u00fablica, pues puede portar par\u00e1sitos peligrosos para los humanos. Esta especie se alimenta de plantas, residuos animales e incluso escombros, lo que le permite sobrevivir en diversas condiciones. Las autoridades locales han intensificado las campa\u00f1as de control, instando a los ciudadanos a no manipular estos caracoles sin protecci\u00f3n y a reportar su presencia para que sean gestionados de manera segura.<\/p><p>El \u00c1rea Metropolitana reitera que la erradicaci\u00f3n de estas especies es clave para proteger los ecosistemas del Valle&nbsp;de&nbsp;Aburr\u00e1.<\/p>","protected":false},"excerpt":{"rendered":"<p>El Valle de Aburr\u00e1 enfrenta una preocupante invasi\u00f3n de especies ex\u00f3ticas, como los caracoles africanos y de jard\u00edn, que este a\u00f1o han generado serios problemas en jardines, zonas p\u00fablicas y riberas. Las autoridades del \u00c1rea Metropolitana informaron que en el corrido del a\u00f1o se han recolectado cerca de 1.100 kilogramos de estas especies invasoras, tras [&hellip;]<\/p>\n","protected":false},"author":4,"featured_media":9928,"comment_status":"open","ping_status":"open","sticky":false,"template":"","format":"standard","meta":{"tdm_status":"","tdm_grid_status":"","_jetpack_memberships_contains_paid_content":false,"footnotes":""},"categories":[2747,2748,54],"tags":[2750,2749,2751,62,2103],"class_list":{"0":"post-9915","1":"post","2":"type-post","3":"status-publish","4":"format-standard","5":"has-post-thumbnail","7":"category-alarma","8":"category-caracoles","9":"category-medellin","10":"tag-caracoles","11":"tag-especies-exoticas","12":"tag-invasores","13":"tag-medellin","14":"tag-valle-de-aburra-2"},"jetpack_sharing_enabled":true,"jetpack_featured_media_url":"https:\/\/colombiaopina.com.co\/wp-content\/uploads\/2024\/10\/caracoles_en_el_valle_de_aburra_octubre_2024_2_0.jpeg","amp_enabled":true,"_links":{"self":[{"href":"https:\/\/colombiaopina.com.co\/index.php\/wp-json\/wp\/v2\/posts\/9915"}],"collection":[{"href":"https:\/\/colombiaopina.com.co\/index.php\/wp-json\/wp\/v2\/posts"}],"about":[{"href":"https:\/\/colombiaopina.com.co\/index.php\/wp-json\/wp\/v2\/types\/post"}],"author":[{"embeddable":true,"href":"https:\/\/colombiaopina.com.co\/index.php\/wp-json\/wp\/v2\/users\/4"}],"replies":[{"embeddable":true,"href":"https:\/\/colombiaopina.com.co\/index.php\/wp-json\/wp\/v2\/comments?post=9915"}],"version-history":[{"count":1,"href":"https:\/\/colombiaopina.com.co\/index.php\/wp-json\/wp\/v2\/posts\/9915\/revisions"}],"predecessor-version":[{"id":9918,"href":"https:\/\/colombiaopina.com.co\/index.php\/wp-json\/wp\/v2\/posts\/9915\/revisions\/9918"}],"wp:featuredmedia":[{"embeddable":true,"href":"https:\/\/colombiaopina.com.co\/index.php\/wp-json\/wp\/v2\/media\/9928"}],"wp:attachment":[{"href":"https:\/\/colombiaopina.com.co\/index.php\/wp-json\/wp\/v2\/media?parent=9915"}],"wp:term":[{"taxonomy":"category","embeddable":true,"href":"https:\/\/colombiaopina.com.co\/index.php\/wp-json\/wp\/v2\/categories?post=9915"},{"taxonomy":"post_tag","embeddable":true,"href":"https:\/\/colombiaopina.com.co\/index.php\/wp-json\/wp\/v2\/tags?post=9915"}],"curies":[{"name":"wp","href":"https:\/\/api.w.org\/{rel}","templated":true}]}}