{"id":9867,"date":"2024-10-15T14:25:36","date_gmt":"2024-10-15T19:25:36","guid":{"rendered":"https:\/\/colombiaopina.com.co\/?p=9867"},"modified":"2024-10-15T14:25:38","modified_gmt":"2024-10-15T19:25:38","slug":"fuerzas-militares-retoman-control-en-el-plateado-incautan-arsenal-clave-de-disidencias-y-fortalecen-presencia-en-el-cauca","status":"publish","type":"post","link":"https:\/\/colombiaopina.com.co\/index.php\/2024\/10\/15\/fuerzas-militares-retoman-control-en-el-plateado-incautan-arsenal-clave-de-disidencias-y-fortalecen-presencia-en-el-cauca\/","title":{"rendered":"Fuerzas militares retoman control en El Plateado: incautan arsenal clave de disidencias y fortalecen presencia en el Cauca"},"content":{"rendered":"<p>El Ej\u00e9rcito Nacional de Colombia ha realizado una contundente intervenci\u00f3n en El Plateado, Argelia (Cauca), durante la operaci\u00f3n \u2018Perseo\u2019, devolviendo al Estado el control de un territorio estrat\u00e9gico que, por a\u00f1os, fue dominado por las disidencias de las Farc. Las fuerzas de seguridad reportaron la incautaci\u00f3n de un arsenal significativo que, seg\u00fan inteligencia militar, inclu\u00eda armas de uso exclusivo y equipos destinados a proteger las rutas del narcotr\u00e1fico.<\/p><p>El Plateado hab\u00eda sido convertido en un basti\u00f3n de los negocios il\u00edcitos, operando como un punto de encuentro para traficantes locales y extranjeros. Informes militares confirman que representantes de c\u00e1rteles mexicanos y albaneses utilizaban la zona para negociar cargamentos de coca\u00edna que part\u00edan del ca\u00f1\u00f3n del r\u00edo Micay hacia el Pac\u00edfico. Esta intervenci\u00f3n busca interrumpir esos corredores ilegales y garantizar la seguridad regional.<\/p><figure class=\"wp-block-image size-large\"><img loading=\"lazy\" decoding=\"async\" width=\"1024\" height=\"683\" src=\"https:\/\/colombiaopina.com.co\/wp-content\/uploads\/2024\/10\/1.1-Los-efectos-que-podria-traer-ingreso-de-Ejercito-a-El-Plateado-bastion-de-Mordisco-1024x683.jpg\" alt=\"\" class=\"wp-image-9868\" srcset=\"https:\/\/colombiaopina.com.co\/wp-content\/uploads\/2024\/10\/1.1-Los-efectos-que-podria-traer-ingreso-de-Ejercito-a-El-Plateado-bastion-de-Mordisco-1024x683.jpg 1024w, https:\/\/colombiaopina.com.co\/wp-content\/uploads\/2024\/10\/1.1-Los-efectos-que-podria-traer-ingreso-de-Ejercito-a-El-Plateado-bastion-de-Mordisco-300x200.jpg 300w, https:\/\/colombiaopina.com.co\/wp-content\/uploads\/2024\/10\/1.1-Los-efectos-que-podria-traer-ingreso-de-Ejercito-a-El-Plateado-bastion-de-Mordisco-768x512.jpg 768w, https:\/\/colombiaopina.com.co\/wp-content\/uploads\/2024\/10\/1.1-Los-efectos-que-podria-traer-ingreso-de-Ejercito-a-El-Plateado-bastion-de-Mordisco-1536x1024.jpg 1536w, https:\/\/colombiaopina.com.co\/wp-content\/uploads\/2024\/10\/1.1-Los-efectos-que-podria-traer-ingreso-de-Ejercito-a-El-Plateado-bastion-de-Mordisco-2048x1365.jpg 2048w, https:\/\/colombiaopina.com.co\/wp-content\/uploads\/2024\/10\/1.1-Los-efectos-que-podria-traer-ingreso-de-Ejercito-a-El-Plateado-bastion-de-Mordisco-150x100.jpg 150w, https:\/\/colombiaopina.com.co\/wp-content\/uploads\/2024\/10\/1.1-Los-efectos-que-podria-traer-ingreso-de-Ejercito-a-El-Plateado-bastion-de-Mordisco-696x464.jpg 696w, https:\/\/colombiaopina.com.co\/wp-content\/uploads\/2024\/10\/1.1-Los-efectos-que-podria-traer-ingreso-de-Ejercito-a-El-Plateado-bastion-de-Mordisco-1068x712.jpg 1068w, https:\/\/colombiaopina.com.co\/wp-content\/uploads\/2024\/10\/1.1-Los-efectos-que-podria-traer-ingreso-de-Ejercito-a-El-Plateado-bastion-de-Mordisco-1920x1280.jpg 1920w, https:\/\/colombiaopina.com.co\/wp-content\/uploads\/2024\/10\/1.1-Los-efectos-que-podria-traer-ingreso-de-Ejercito-a-El-Plateado-bastion-de-Mordisco-600x400.jpg 600w\" sizes=\"(max-width: 1024px) 100vw, 1024px\" \/><\/figure><p>La compleja operaci\u00f3n llega un a\u00f1o despu\u00e9s de que la Fuerza P\u00fablica se retirara del caser\u00edo en medio de presiones de las disidencias lideradas por \u2018Iv\u00e1n Mordisco\u2019, lo que dej\u00f3 a la poblaci\u00f3n bajo el control absoluto de estructuras criminales. Durante este tiempo, las amenazas a los pobladores y el incremento de actividades como la miner\u00eda ilegal y el narcotr\u00e1fico reflejaron la p\u00e9rdida del dominio estatal en la regi\u00f3n.<\/p><figure class=\"wp-block-embed is-type-rich is-provider-twitter wp-block-embed-twitter\"><div class=\"wp-block-embed__wrapper\">\n<blockquote class=\"twitter-tweet\" data-width=\"550\" data-dnt=\"true\"><p lang=\"es\" dir=\"ltr\">El inepto Iv\u00e1n Vel\u00e1squez dice que ha invertido mucho tiempo para derrotar las FARC y desarrollar los programas sociales petristas en en corregimiento caucano del plateado, ha gastado una hora!  Qu\u00e9 tal esa cosa? <a href=\"https:\/\/t.co\/BiYBQZvJrr\">https:\/\/t.co\/BiYBQZvJrr<\/a><\/p>&mdash; julio martin rios sanabria (@juliomartinrio1) <a href=\"https:\/\/twitter.com\/juliomartinrio1\/status\/1845938286344163719?ref_src=twsrc%5Etfw\">October 14, 2024<\/a><\/blockquote><script async src=\"https:\/\/platform.twitter.com\/widgets.js\" charset=\"utf-8\"><\/script>\n<\/div><\/figure><p>El operativo tambi\u00e9n representa un paso significativo en la pol\u00edtica de recuperaci\u00f3n territorial del Gobierno, demostrando que el Estado no renunciar\u00e1 a imponer su autoridad en \u00e1reas hist\u00f3ricamente olvidadas. Sin embargo, las autoridades reconocen que la sola presencia militar no ser\u00e1 suficiente. La fase siguiente incluir\u00e1 la implementaci\u00f3n de programas sociales y la construcci\u00f3n de infraestructura, esenciales para lograr una paz duradera y ganarse la confianza de&nbsp;la&nbsp;comunidad.<\/p>","protected":false},"excerpt":{"rendered":"<p>El Ej\u00e9rcito Nacional de Colombia ha realizado una contundente intervenci\u00f3n en El Plateado, Argelia (Cauca), durante la operaci\u00f3n \u2018Perseo\u2019, devolviendo al Estado el control de un territorio estrat\u00e9gico que, por a\u00f1os, fue dominado por las disidencias de las Farc. Las fuerzas de seguridad reportaron la incautaci\u00f3n de un arsenal significativo que, seg\u00fan inteligencia militar, inclu\u00eda [&hellip;]<\/p>\n","protected":false},"author":4,"featured_media":9869,"comment_status":"open","ping_status":"open","sticky":false,"template":"","format":"standard","meta":{"tdm_status":"","tdm_grid_status":"","_jetpack_memberships_contains_paid_content":false,"footnotes":""},"categories":[39,2727,2726],"tags":[1028,93,1232,968,437],"class_list":{"0":"post-9867","1":"post","2":"type-post","3":"status-publish","4":"format-standard","5":"has-post-thumbnail","7":"category-colombia","8":"category-el-plateado","9":"category-fuerzas-militares","10":"tag-cauca","11":"tag-colombia","12":"tag-el-plateado","13":"tag-fuerzas-militares","14":"tag-incautacion"},"jetpack_sharing_enabled":true,"jetpack_featured_media_url":"https:\/\/colombiaopina.com.co\/wp-content\/uploads\/2024\/10\/1-Los-efectos-que-podria-traer-ingreso-de-Ejercito-a-El-Plateado-bastion-de-Mordisco-scaled.jpg","amp_enabled":true,"_links":{"self":[{"href":"https:\/\/colombiaopina.com.co\/index.php\/wp-json\/wp\/v2\/posts\/9867"}],"collection":[{"href":"https:\/\/colombiaopina.com.co\/index.php\/wp-json\/wp\/v2\/posts"}],"about":[{"href":"https:\/\/colombiaopina.com.co\/index.php\/wp-json\/wp\/v2\/types\/post"}],"author":[{"embeddable":true,"href":"https:\/\/colombiaopina.com.co\/index.php\/wp-json\/wp\/v2\/users\/4"}],"replies":[{"embeddable":true,"href":"https:\/\/colombiaopina.com.co\/index.php\/wp-json\/wp\/v2\/comments?post=9867"}],"version-history":[{"count":1,"href":"https:\/\/colombiaopina.com.co\/index.php\/wp-json\/wp\/v2\/posts\/9867\/revisions"}],"predecessor-version":[{"id":9870,"href":"https:\/\/colombiaopina.com.co\/index.php\/wp-json\/wp\/v2\/posts\/9867\/revisions\/9870"}],"wp:featuredmedia":[{"embeddable":true,"href":"https:\/\/colombiaopina.com.co\/index.php\/wp-json\/wp\/v2\/media\/9869"}],"wp:attachment":[{"href":"https:\/\/colombiaopina.com.co\/index.php\/wp-json\/wp\/v2\/media?parent=9867"}],"wp:term":[{"taxonomy":"category","embeddable":true,"href":"https:\/\/colombiaopina.com.co\/index.php\/wp-json\/wp\/v2\/categories?post=9867"},{"taxonomy":"post_tag","embeddable":true,"href":"https:\/\/colombiaopina.com.co\/index.php\/wp-json\/wp\/v2\/tags?post=9867"}],"curies":[{"name":"wp","href":"https:\/\/api.w.org\/{rel}","templated":true}]}}