{"id":9406,"date":"2024-10-02T11:07:28","date_gmt":"2024-10-02T16:07:28","guid":{"rendered":"https:\/\/colombiaopina.com.co\/?p=9406"},"modified":"2024-10-02T11:07:31","modified_gmt":"2024-10-02T16:07:31","slug":"bustamante-desmiente-a-petro-sobre-relacion-de-sheinbaum-con-el-m-19-una-mentira-como-la-del-tren-de-la-casa-en-el-aire-de-escalona","status":"publish","type":"post","link":"https:\/\/colombiaopina.com.co\/index.php\/2024\/10\/02\/bustamante-desmiente-a-petro-sobre-relacion-de-sheinbaum-con-el-m-19-una-mentira-como-la-del-tren-de-la-casa-en-el-aire-de-escalona\/","title":{"rendered":"Bustamante desmiente a Petro sobre relaci\u00f3n de Sheinbaum con el M-19: \u201cUna mentira como la del tren de la casa en el aire de Escalona\u201d"},"content":{"rendered":"<p>El expresidente de Colombia, Gustavo Petro, ha causado revuelo tras su reciente declaraci\u00f3n durante su visita a M\u00e9xico, donde afirm\u00f3 que la reci\u00e9n electa presidenta de ese pa\u00eds, Claudia Sheinbaum, form\u00f3 parte del grupo guerrillero colombiano M-19. La afirmaci\u00f3n, que gener\u00f3 fuertes reacciones, fue desmentida categ\u00f3ricamente por Everth Bustamante, exmiembro del M-19 y actual pol\u00edtico colombiano, quien calific\u00f3 las palabras de Petro como una \u201cmentira descomunal\u201d.<\/p><p>Bustamante expres\u00f3: \u201cDecir que Sheinbaum fue miembro del M-19 es una falacia de la misma dimensi\u00f3n que la historia del tren en la famosa canci\u00f3n La Casa en el Aire de Escalona. Es irresponsable crear este tipo de confusiones en un contexto internacional\u201d. Adem\u00e1s, record\u00f3 que la presidenta mexicana nunca ha hecho ninguna declaraci\u00f3n que vincule su vida pol\u00edtica o personal con el M-19, ni en entrevistas ni en su biograf\u00eda oficial.<\/p><figure class=\"wp-block-image size-large\"><img loading=\"lazy\" decoding=\"async\" width=\"1024\" height=\"576\" src=\"https:\/\/colombiaopina.com.co\/wp-content\/uploads\/2024\/10\/IMG_7890-1024x576.jpeg\" alt=\"\" class=\"wp-image-9364\" srcset=\"https:\/\/colombiaopina.com.co\/wp-content\/uploads\/2024\/10\/IMG_7890-1024x576.jpeg 1024w, https:\/\/colombiaopina.com.co\/wp-content\/uploads\/2024\/10\/IMG_7890-300x169.jpeg 300w, https:\/\/colombiaopina.com.co\/wp-content\/uploads\/2024\/10\/IMG_7890-768x432.jpeg 768w, https:\/\/colombiaopina.com.co\/wp-content\/uploads\/2024\/10\/IMG_7890-150x84.jpeg 150w, https:\/\/colombiaopina.com.co\/wp-content\/uploads\/2024\/10\/IMG_7890-696x392.jpeg 696w, https:\/\/colombiaopina.com.co\/wp-content\/uploads\/2024\/10\/IMG_7890-1068x601.jpeg 1068w, https:\/\/colombiaopina.com.co\/wp-content\/uploads\/2024\/10\/IMG_7890-600x338.jpeg 600w, https:\/\/colombiaopina.com.co\/wp-content\/uploads\/2024\/10\/IMG_7890.jpeg 1280w\" sizes=\"(max-width: 1024px) 100vw, 1024px\" \/><\/figure><p>El presidente Petro, por su parte, asegur\u00f3 desde Ciudad de M\u00e9xico que Sheinbaum \u201cayud\u00f3 al M-19 en tiempos de clandestinidad\u201d, lo que gener\u00f3 un amplio debate en redes sociales y medios de comunicaci\u00f3n, especialmente en M\u00e9xico, donde la mandataria nunca ha mencionado haber tenido relaci\u00f3n con ese grupo guerrillero. Petro, incluso, sugiri\u00f3 que con Sheinbaum en el poder, el M-19 habr\u00eda dado dos presidentes en Am\u00e9rica Latina, un comentario que ha sido duramente criticado.<\/p><p>Sheinbaum, quien asumi\u00f3 la presidencia mexicana el 1\u00ba de octubre de 2024, es reconocida por su trayectoria como cient\u00edfica y pol\u00edtica de izquierda, pero no existe evidencia que respalde las declaraciones de Petro sobre su presunta relaci\u00f3n con el M-19.<\/p>","protected":false},"excerpt":{"rendered":"<p>El expresidente de Colombia, Gustavo Petro, ha causado revuelo tras su reciente declaraci\u00f3n durante su visita a M\u00e9xico, donde afirm\u00f3 que la reci\u00e9n electa presidenta de ese pa\u00eds, Claudia Sheinbaum, form\u00f3 parte del grupo guerrillero colombiano M-19. La afirmaci\u00f3n, que gener\u00f3 fuertes reacciones, fue desmentida categ\u00f3ricamente por Everth Bustamante, exmiembro del M-19 y actual pol\u00edtico [&hellip;]<\/p>\n","protected":false},"author":4,"featured_media":9365,"comment_status":"open","ping_status":"open","sticky":false,"template":"","format":"standard","meta":{"tdm_status":"","tdm_grid_status":"","_jetpack_memberships_contains_paid_content":false,"footnotes":""},"categories":[103],"tags":[1610,93,2538,135],"class_list":{"0":"post-9406","1":"post","2":"type-post","3":"status-publish","4":"format-standard","5":"has-post-thumbnail","7":"category-petro","8":"tag-claudia-sheinbaum","9":"tag-colombia","10":"tag-m19","11":"tag-petro"},"jetpack_sharing_enabled":true,"jetpack_featured_media_url":"https:\/\/colombiaopina.com.co\/wp-content\/uploads\/2024\/10\/IMG_7891.jpeg","amp_enabled":true,"_links":{"self":[{"href":"https:\/\/colombiaopina.com.co\/index.php\/wp-json\/wp\/v2\/posts\/9406"}],"collection":[{"href":"https:\/\/colombiaopina.com.co\/index.php\/wp-json\/wp\/v2\/posts"}],"about":[{"href":"https:\/\/colombiaopina.com.co\/index.php\/wp-json\/wp\/v2\/types\/post"}],"author":[{"embeddable":true,"href":"https:\/\/colombiaopina.com.co\/index.php\/wp-json\/wp\/v2\/users\/4"}],"replies":[{"embeddable":true,"href":"https:\/\/colombiaopina.com.co\/index.php\/wp-json\/wp\/v2\/comments?post=9406"}],"version-history":[{"count":1,"href":"https:\/\/colombiaopina.com.co\/index.php\/wp-json\/wp\/v2\/posts\/9406\/revisions"}],"predecessor-version":[{"id":9408,"href":"https:\/\/colombiaopina.com.co\/index.php\/wp-json\/wp\/v2\/posts\/9406\/revisions\/9408"}],"wp:featuredmedia":[{"embeddable":true,"href":"https:\/\/colombiaopina.com.co\/index.php\/wp-json\/wp\/v2\/media\/9365"}],"wp:attachment":[{"href":"https:\/\/colombiaopina.com.co\/index.php\/wp-json\/wp\/v2\/media?parent=9406"}],"wp:term":[{"taxonomy":"category","embeddable":true,"href":"https:\/\/colombiaopina.com.co\/index.php\/wp-json\/wp\/v2\/categories?post=9406"},{"taxonomy":"post_tag","embeddable":true,"href":"https:\/\/colombiaopina.com.co\/index.php\/wp-json\/wp\/v2\/tags?post=9406"}],"curies":[{"name":"wp","href":"https:\/\/api.w.org\/{rel}","templated":true}]}}