{"id":9357,"date":"2024-10-02T10:40:58","date_gmt":"2024-10-02T15:40:58","guid":{"rendered":"https:\/\/colombiaopina.com.co\/?p=9357"},"modified":"2024-10-02T10:41:00","modified_gmt":"2024-10-02T15:41:00","slug":"secuestro-de-colombianas-en-mexico-revela-modus-operandi-de-redes-de-trata-en-solo-dos-dias-fueron-captadas-y-enviadas-al-extranjero","status":"publish","type":"post","link":"https:\/\/colombiaopina.com.co\/index.php\/2024\/10\/02\/secuestro-de-colombianas-en-mexico-revela-modus-operandi-de-redes-de-trata-en-solo-dos-dias-fueron-captadas-y-enviadas-al-extranjero\/","title":{"rendered":"Secuestro de colombianas en M\u00e9xico revela modus operandi de redes de trata: en solo dos d\u00edas fueron captadas y enviadas al extranjero"},"content":{"rendered":"<p>Seis colombianas rescatadas en Veracruz, M\u00e9xico, fueron v\u00edctimas de una sofisticada red de trata de personas que utilizaba falsas ofertas de trabajo como modelos para atraer a j\u00f3venes vulnerables. Las mujeres, que hab\u00edan sido enga\u00f1adas con promesas de empleo en eventos de alto perfil, fueron captadas en un periodo de apenas dos d\u00edas y enviadas al extranjero, donde fueron despojadas de sus pasaportes y sometidas a presiones econ\u00f3micas por parte de sus captores.<\/p><p>Entre las v\u00edctimas se encuentran Derlys Dayana Panesso, de 25 a\u00f1os, y Yarl\u00edn Giraldo, de 21, ambas oriundas de Medell\u00edn. Seg\u00fan el alcalde de la ciudad, Federico Guti\u00e9rrez, la r\u00e1pida desaparici\u00f3n de las j\u00f3venes fue alertada por sus familiares, lo que permiti\u00f3 a las autoridades colombianas y mexicanas coordinar un operativo para rescatarlas. \u00abEstas mujeres estaban en manos de una red de trata de personas que las enga\u00f1\u00f3 con falsas promesas de empleo. Gracias a Dios, est\u00e1n con vida y recibiendo la atenci\u00f3n necesaria\u00bb, afirm\u00f3 Guti\u00e9rrez.<\/p><figure class=\"wp-block-image size-full\"><img loading=\"lazy\" decoding=\"async\" width=\"414\" height=\"233\" src=\"https:\/\/colombiaopina.com.co\/wp-content\/uploads\/2024\/10\/IMG_7904.jpeg\" alt=\"\" class=\"wp-image-9380\" srcset=\"https:\/\/colombiaopina.com.co\/wp-content\/uploads\/2024\/10\/IMG_7904.jpeg 414w, https:\/\/colombiaopina.com.co\/wp-content\/uploads\/2024\/10\/IMG_7904-300x169.jpeg 300w, https:\/\/colombiaopina.com.co\/wp-content\/uploads\/2024\/10\/IMG_7904-150x84.jpeg 150w\" sizes=\"(max-width: 414px) 100vw, 414px\" \/><\/figure><p>El caso pone en evidencia la rapidez con la que estas redes criminales act\u00faan. Derlys Dayana, por ejemplo, fue contactada el 26 de junio y en menos de dos d\u00edas ya ten\u00eda tiquetes, maleta y un boleto para viajar a M\u00e9xico, todo pagado por los delincuentes. La otra joven, Yarl\u00edn, sigui\u00f3 un patr\u00f3n similar cuando viaj\u00f3 el 19 de septiembre con recursos propios, pero bajo la misma falsa promesa de trabajo. Ambas fueron secuestradas poco despu\u00e9s de llegar al pa\u00eds y sus familias recibieron demandas de rescate que superaban el mill\u00f3n de pesos mexicanos.<\/p><p>Este caso no es aislado. En lo que va del a\u00f1o, se han registrado 35 denuncias de trata de personas bajo esquemas similares, lo que ha generado una alerta nacional sobre la expansi\u00f3n de estas redes. Las autoridades hacen un llamado a las familias y j\u00f3venes para que extremen las precauciones, especialmente en redes sociales, y no caigan en estas trampas que ofrecen un \u00abmundo de fantas\u00eda\u00bb. Las autoridades colombianas y mexicanas contin\u00faan trabajando en la repatriaci\u00f3n de las v\u00edctimas y en la desarticulaci\u00f3n de estas peligrosas organizaciones.<\/p>","protected":false},"excerpt":{"rendered":"<p>Seis colombianas rescatadas en Veracruz, M\u00e9xico, fueron v\u00edctimas de una sofisticada red de trata de personas que utilizaba falsas ofertas de trabajo como modelos para atraer a j\u00f3venes vulnerables. Las mujeres, que hab\u00edan sido enga\u00f1adas con promesas de empleo en eventos de alto perfil, fueron captadas en un periodo de apenas dos d\u00edas y enviadas [&hellip;]<\/p>\n","protected":false},"author":4,"featured_media":9378,"comment_status":"open","ping_status":"open","sticky":false,"template":"","format":"standard","meta":{"tdm_status":"","tdm_grid_status":"","_jetpack_memberships_contains_paid_content":false,"footnotes":""},"categories":[197,41],"tags":[93,956,127,442,65],"class_list":{"0":"post-9357","1":"post","2":"type-post","3":"status-publish","4":"format-standard","5":"has-post-thumbnail","7":"category-mujeres","8":"category-seguridad","9":"tag-colombia","10":"tag-mexico","11":"tag-orden-publico","12":"tag-secuestro","13":"tag-seguridad"},"jetpack_sharing_enabled":true,"jetpack_featured_media_url":"https:\/\/colombiaopina.com.co\/wp-content\/uploads\/2024\/10\/IMG_7902.webp","amp_enabled":true,"_links":{"self":[{"href":"https:\/\/colombiaopina.com.co\/index.php\/wp-json\/wp\/v2\/posts\/9357"}],"collection":[{"href":"https:\/\/colombiaopina.com.co\/index.php\/wp-json\/wp\/v2\/posts"}],"about":[{"href":"https:\/\/colombiaopina.com.co\/index.php\/wp-json\/wp\/v2\/types\/post"}],"author":[{"embeddable":true,"href":"https:\/\/colombiaopina.com.co\/index.php\/wp-json\/wp\/v2\/users\/4"}],"replies":[{"embeddable":true,"href":"https:\/\/colombiaopina.com.co\/index.php\/wp-json\/wp\/v2\/comments?post=9357"}],"version-history":[{"count":1,"href":"https:\/\/colombiaopina.com.co\/index.php\/wp-json\/wp\/v2\/posts\/9357\/revisions"}],"predecessor-version":[{"id":9385,"href":"https:\/\/colombiaopina.com.co\/index.php\/wp-json\/wp\/v2\/posts\/9357\/revisions\/9385"}],"wp:featuredmedia":[{"embeddable":true,"href":"https:\/\/colombiaopina.com.co\/index.php\/wp-json\/wp\/v2\/media\/9378"}],"wp:attachment":[{"href":"https:\/\/colombiaopina.com.co\/index.php\/wp-json\/wp\/v2\/media?parent=9357"}],"wp:term":[{"taxonomy":"category","embeddable":true,"href":"https:\/\/colombiaopina.com.co\/index.php\/wp-json\/wp\/v2\/categories?post=9357"},{"taxonomy":"post_tag","embeddable":true,"href":"https:\/\/colombiaopina.com.co\/index.php\/wp-json\/wp\/v2\/tags?post=9357"}],"curies":[{"name":"wp","href":"https:\/\/api.w.org\/{rel}","templated":true}]}}