{"id":9336,"date":"2024-10-01T10:06:27","date_gmt":"2024-10-01T15:06:27","guid":{"rendered":"https:\/\/colombiaopina.com.co\/?p=9336"},"modified":"2024-10-01T10:06:29","modified_gmt":"2024-10-01T15:06:29","slug":"petro-desata-polemica-en-mexico-al-vincular-a-claudia-sheinbaum-con-el-m-19-el-m-19-ha-dado-dos-presidentes-en-america-latina","status":"publish","type":"post","link":"https:\/\/colombiaopina.com.co\/index.php\/2024\/10\/01\/petro-desata-polemica-en-mexico-al-vincular-a-claudia-sheinbaum-con-el-m-19-el-m-19-ha-dado-dos-presidentes-en-america-latina\/","title":{"rendered":"Petro desata pol\u00e9mica en M\u00e9xico al vincular a Claudia Sheinbaum con el M-19: \u201cEl M-19 ha dado dos presidentes en Am\u00e9rica Latina\u201d"},"content":{"rendered":"<p>En la antesala de la posesi\u00f3n de Claudia Sheinbaum como la primera presidenta de M\u00e9xico, el presidente colombiano Gustavo Petro agit\u00f3 las redes sociales y los medios con una controvertida declaraci\u00f3n. Desde el Palacio Nacional, donde particip\u00f3 en un encuentro con Andr\u00e9s Manuel L\u00f3pez Obrador, Petro afirm\u00f3 que Sheinbaum, quien tomar\u00e1 el relevo de la presidencia, habr\u00eda sido colaboradora del Movimiento 19 de Abril (M-19), la organizaci\u00f3n guerrillera en la que \u00e9l milit\u00f3 en Colombia.<\/p><p>Claudia fue miembro del M-19. Es decir, para quienes no quieren dos tazas, ahora el M-19 ha dado dos presidentes en Am\u00e9rica Latina\u201d, asegur\u00f3 Petro, generando una ola de reacciones inmediatas en M\u00e9xico y Colombia. La afirmaci\u00f3n se dio en un contexto en el que Petro, orgulloso de sus or\u00edgenes en la insurgencia, buscaba recalcar las conexiones entre la nueva mandataria y su propia trayectoria pol\u00edtica.<\/p><figure class=\"wp-block-image size-large\"><img loading=\"lazy\" decoding=\"async\" width=\"1024\" height=\"576\" src=\"https:\/\/colombiaopina.com.co\/wp-content\/uploads\/2024\/10\/IMG_7842-1024x576.jpeg\" alt=\"\" class=\"wp-image-9321\" srcset=\"https:\/\/colombiaopina.com.co\/wp-content\/uploads\/2024\/10\/IMG_7842-1024x576.jpeg 1024w, https:\/\/colombiaopina.com.co\/wp-content\/uploads\/2024\/10\/IMG_7842-300x169.jpeg 300w, https:\/\/colombiaopina.com.co\/wp-content\/uploads\/2024\/10\/IMG_7842-768x432.jpeg 768w, https:\/\/colombiaopina.com.co\/wp-content\/uploads\/2024\/10\/IMG_7842-150x84.jpeg 150w, https:\/\/colombiaopina.com.co\/wp-content\/uploads\/2024\/10\/IMG_7842-696x392.jpeg 696w, https:\/\/colombiaopina.com.co\/wp-content\/uploads\/2024\/10\/IMG_7842-1068x601.jpeg 1068w, https:\/\/colombiaopina.com.co\/wp-content\/uploads\/2024\/10\/IMG_7842-600x338.jpeg 600w, https:\/\/colombiaopina.com.co\/wp-content\/uploads\/2024\/10\/IMG_7842.jpeg 1280w\" sizes=\"(max-width: 1024px) 100vw, 1024px\" \/><\/figure><p>Durante una conferencia en la Universidad Aut\u00f3noma de M\u00e9xico, Petro no solo insisti\u00f3 en esta relaci\u00f3n, sino que record\u00f3 los momentos de exilio que algunos miembros del M-19 vivieron en M\u00e9xico, con el respaldo de figuras influyentes como el escritor Gabriel Garc\u00eda M\u00e1rquez. \u201cMuchos camaradas nuestros encontraron refugio aqu\u00ed, y entre ellos, Claudia. Entonces, para los que no les gusta esa historia, el M-19 ha dado dos presidentes en Am\u00e9rica Latina\u201d, sentenci\u00f3.<\/p><p>Las declaraciones de Petro sobre Sheinbaum y el M-19 han generado reacciones mixtas en ambos pa\u00edses, especialmente en redes sociales, donde algunos criticaron la aparente simplificaci\u00f3n de los v\u00ednculos entre la pol\u00edtica mexicana y la guerrilla colombiana. Sin embargo, otros vieron en las palabras de Petro un reconocimiento de la hist\u00f3rica relaci\u00f3n entre los movimientos sociales y la b\u00fasqueda de cambio en Am\u00e9rica Latina.<\/p>","protected":false},"excerpt":{"rendered":"<p>En la antesala de la posesi\u00f3n de Claudia Sheinbaum como la primera presidenta de M\u00e9xico, el presidente colombiano Gustavo Petro agit\u00f3 las redes sociales y los medios con una controvertida declaraci\u00f3n. Desde el Palacio Nacional, donde particip\u00f3 en un encuentro con Andr\u00e9s Manuel L\u00f3pez Obrador, Petro afirm\u00f3 que Sheinbaum, quien tomar\u00e1 el relevo de la [&hellip;]<\/p>\n","protected":false},"author":4,"featured_media":9320,"comment_status":"open","ping_status":"open","sticky":false,"template":"","format":"standard","meta":{"tdm_status":"","tdm_grid_status":"","_jetpack_memberships_contains_paid_content":false,"footnotes":""},"categories":[39,53,103,86],"tags":[1610,93,227,2538,1998,135],"class_list":{"0":"post-9336","1":"post","2":"type-post","3":"status-publish","4":"format-standard","5":"has-post-thumbnail","7":"category-colombia","8":"category-internacional","9":"category-petro","10":"category-politica","11":"tag-claudia-sheinbaum","12":"tag-colombia","13":"tag-gobierno","14":"tag-m19","15":"tag-mexico-2","16":"tag-petro"},"jetpack_sharing_enabled":true,"jetpack_featured_media_url":"https:\/\/colombiaopina.com.co\/wp-content\/uploads\/2024\/10\/IMG_7841.jpeg","amp_enabled":true,"_links":{"self":[{"href":"https:\/\/colombiaopina.com.co\/index.php\/wp-json\/wp\/v2\/posts\/9336"}],"collection":[{"href":"https:\/\/colombiaopina.com.co\/index.php\/wp-json\/wp\/v2\/posts"}],"about":[{"href":"https:\/\/colombiaopina.com.co\/index.php\/wp-json\/wp\/v2\/types\/post"}],"author":[{"embeddable":true,"href":"https:\/\/colombiaopina.com.co\/index.php\/wp-json\/wp\/v2\/users\/4"}],"replies":[{"embeddable":true,"href":"https:\/\/colombiaopina.com.co\/index.php\/wp-json\/wp\/v2\/comments?post=9336"}],"version-history":[{"count":1,"href":"https:\/\/colombiaopina.com.co\/index.php\/wp-json\/wp\/v2\/posts\/9336\/revisions"}],"predecessor-version":[{"id":9337,"href":"https:\/\/colombiaopina.com.co\/index.php\/wp-json\/wp\/v2\/posts\/9336\/revisions\/9337"}],"wp:featuredmedia":[{"embeddable":true,"href":"https:\/\/colombiaopina.com.co\/index.php\/wp-json\/wp\/v2\/media\/9320"}],"wp:attachment":[{"href":"https:\/\/colombiaopina.com.co\/index.php\/wp-json\/wp\/v2\/media?parent=9336"}],"wp:term":[{"taxonomy":"category","embeddable":true,"href":"https:\/\/colombiaopina.com.co\/index.php\/wp-json\/wp\/v2\/categories?post=9336"},{"taxonomy":"post_tag","embeddable":true,"href":"https:\/\/colombiaopina.com.co\/index.php\/wp-json\/wp\/v2\/tags?post=9336"}],"curies":[{"name":"wp","href":"https:\/\/api.w.org\/{rel}","templated":true}]}}