{"id":9334,"date":"2024-10-01T10:03:51","date_gmt":"2024-10-01T15:03:51","guid":{"rendered":"https:\/\/colombiaopina.com.co\/?p=9334"},"modified":"2024-10-01T10:03:54","modified_gmt":"2024-10-01T15:03:54","slug":"sheinbaum-anuncia-ambiciosa-reestructuracion-del-gobierno-mexicano-para-su-mandato","status":"publish","type":"post","link":"https:\/\/colombiaopina.com.co\/index.php\/2024\/10\/01\/sheinbaum-anuncia-ambiciosa-reestructuracion-del-gobierno-mexicano-para-su-mandato\/","title":{"rendered":"Sheinbaum anuncia ambiciosa reestructuraci\u00f3n del Gobierno mexicano para su mandato"},"content":{"rendered":"<p>Claudia Sheinbaum, que tomar\u00e1 posesi\u00f3n como la primera mujer presidenta de M\u00e9xico el 1 de octubre, ha sorprendido con un ambicioso plan de reestructuraci\u00f3n del Gobierno que implementar\u00e1 a partir de enero de 2025. En su anuncio, la mandataria destac\u00f3 que este ajuste busca optimizar el funcionamiento del aparato estatal, reducir gastos y adaptar la administraci\u00f3n a los nuevos programas sociales que fueron promesas centrales de su campa\u00f1a.<\/p><p>Sheinbaum ha se\u00f1alado que la reducci\u00f3n en los gastos ser\u00e1 una prioridad, con el objetivo de liberar recursos para fortalecer iniciativas como el apoyo econ\u00f3mico a mujeres de 60 a 64 a\u00f1os y a ni\u00f1os de educaci\u00f3n b\u00e1sica. \u00abVamos a cambiar la estructura del Gobierno para que funcione mejor con los programas que implementaremos, y eso incluye hacer recortes en \u00e1reas que no sean esenciales para estos objetivos\u00bb, coment\u00f3 la presidenta electa.<\/p><figure class=\"wp-block-image size-large\"><img loading=\"lazy\" decoding=\"async\" width=\"1024\" height=\"577\" src=\"https:\/\/colombiaopina.com.co\/wp-content\/uploads\/2024\/10\/IMG_7843-1024x577.jpeg\" alt=\"\" class=\"wp-image-9322\" srcset=\"https:\/\/colombiaopina.com.co\/wp-content\/uploads\/2024\/10\/IMG_7843-1024x577.jpeg 1024w, https:\/\/colombiaopina.com.co\/wp-content\/uploads\/2024\/10\/IMG_7843-300x169.jpeg 300w, https:\/\/colombiaopina.com.co\/wp-content\/uploads\/2024\/10\/IMG_7843-768x433.jpeg 768w, https:\/\/colombiaopina.com.co\/wp-content\/uploads\/2024\/10\/IMG_7843-150x85.jpeg 150w, https:\/\/colombiaopina.com.co\/wp-content\/uploads\/2024\/10\/IMG_7843-696x392.jpeg 696w, https:\/\/colombiaopina.com.co\/wp-content\/uploads\/2024\/10\/IMG_7843-1068x602.jpeg 1068w, https:\/\/colombiaopina.com.co\/wp-content\/uploads\/2024\/10\/IMG_7843-600x338.jpeg 600w, https:\/\/colombiaopina.com.co\/wp-content\/uploads\/2024\/10\/IMG_7843.jpeg 1200w\" sizes=\"(max-width: 1024px) 100vw, 1024px\" \/><\/figure><p>Entre los primeros ajustes anunciados, Sheinbaum confirm\u00f3 la creaci\u00f3n del programa Alimentaci\u00f3n para el Bienestar, que integrar\u00e1 entidades como Seguridad Alimentaria Mexicana (Segalmex) y Diconsa, ambas involucradas en esc\u00e1ndalos de corrupci\u00f3n. Adem\u00e1s, elev\u00f3 el rango del Consejo Nacional de Humanidades, Ciencias y Tecnolog\u00edas (CONAHCYT) a la nueva Secretar\u00eda de Ciencias, Humanidades, Tecnolog\u00eda e Innovaci\u00f3n, la cual ser\u00e1 dirigida por Rosaura Ruiz.<\/p><p>Sheinbaum tambi\u00e9n present\u00f3 el emblema que representar\u00e1 a su gobierno: la figura de una joven con rasgos ind\u00edgenas, portando la bandera de M\u00e9xico. Esta imagen, explic\u00f3, simboliza el respeto y la admiraci\u00f3n hacia las ra\u00edces culturales del pa\u00eds, adem\u00e1s de proyectar los valores de lucha, justicia y esperanza que guiar\u00e1n su mandato.<\/p>","protected":false},"excerpt":{"rendered":"<p>Claudia Sheinbaum, que tomar\u00e1 posesi\u00f3n como la primera mujer presidenta de M\u00e9xico el 1 de octubre, ha sorprendido con un ambicioso plan de reestructuraci\u00f3n del Gobierno que implementar\u00e1 a partir de enero de 2025. En su anuncio, la mandataria destac\u00f3 que este ajuste busca optimizar el funcionamiento del aparato estatal, reducir gastos y adaptar la [&hellip;]<\/p>\n","protected":false},"author":4,"featured_media":9323,"comment_status":"open","ping_status":"open","sticky":false,"template":"","format":"standard","meta":{"tdm_status":"","tdm_grid_status":"","_jetpack_memberships_contains_paid_content":false,"footnotes":""},"categories":[53],"tags":[1610,227,1998],"class_list":{"0":"post-9334","1":"post","2":"type-post","3":"status-publish","4":"format-standard","5":"has-post-thumbnail","7":"category-internacional","8":"tag-claudia-sheinbaum","9":"tag-gobierno","10":"tag-mexico-2"},"jetpack_sharing_enabled":true,"jetpack_featured_media_url":"https:\/\/colombiaopina.com.co\/wp-content\/uploads\/2024\/10\/IMG_7844.jpeg","amp_enabled":true,"_links":{"self":[{"href":"https:\/\/colombiaopina.com.co\/index.php\/wp-json\/wp\/v2\/posts\/9334"}],"collection":[{"href":"https:\/\/colombiaopina.com.co\/index.php\/wp-json\/wp\/v2\/posts"}],"about":[{"href":"https:\/\/colombiaopina.com.co\/index.php\/wp-json\/wp\/v2\/types\/post"}],"author":[{"embeddable":true,"href":"https:\/\/colombiaopina.com.co\/index.php\/wp-json\/wp\/v2\/users\/4"}],"replies":[{"embeddable":true,"href":"https:\/\/colombiaopina.com.co\/index.php\/wp-json\/wp\/v2\/comments?post=9334"}],"version-history":[{"count":1,"href":"https:\/\/colombiaopina.com.co\/index.php\/wp-json\/wp\/v2\/posts\/9334\/revisions"}],"predecessor-version":[{"id":9335,"href":"https:\/\/colombiaopina.com.co\/index.php\/wp-json\/wp\/v2\/posts\/9334\/revisions\/9335"}],"wp:featuredmedia":[{"embeddable":true,"href":"https:\/\/colombiaopina.com.co\/index.php\/wp-json\/wp\/v2\/media\/9323"}],"wp:attachment":[{"href":"https:\/\/colombiaopina.com.co\/index.php\/wp-json\/wp\/v2\/media?parent=9334"}],"wp:term":[{"taxonomy":"category","embeddable":true,"href":"https:\/\/colombiaopina.com.co\/index.php\/wp-json\/wp\/v2\/categories?post=9334"},{"taxonomy":"post_tag","embeddable":true,"href":"https:\/\/colombiaopina.com.co\/index.php\/wp-json\/wp\/v2\/tags?post=9334"}],"curies":[{"name":"wp","href":"https:\/\/api.w.org\/{rel}","templated":true}]}}