{"id":933,"date":"2024-02-05T10:40:31","date_gmt":"2024-02-05T15:40:31","guid":{"rendered":"https:\/\/colombiaopina.com.co\/?p=933"},"modified":"2024-02-05T10:40:33","modified_gmt":"2024-02-05T15:40:33","slug":"entre-acusaciones-y-movilizaciones-colombia-enfrenta-una-encrucijada-democratica-2","status":"publish","type":"post","link":"https:\/\/colombiaopina.com.co\/index.php\/2024\/02\/05\/entre-acusaciones-y-movilizaciones-colombia-enfrenta-una-encrucijada-democratica-2\/","title":{"rendered":"Entre acusaciones y movilizaciones: Colombia enfrenta una encrucijada democr\u00e1tica"},"content":{"rendered":"<p>En una serie de eventos que han sacudido el panorama pol\u00edtico colombiano, el Presidente Gustavo Petro ha elevado la voz en m\u00faltiples idiomas alertando sobre lo que califica de \u00abpersecuci\u00f3n\u00bb y \u00abruptura institucional\u00bb, en respuesta a las acciones de la Fiscal\u00eda que planea imputar cargos contra importantes figuras relacionadas con su campa\u00f1a presidencial. La controversia se centra en la investigaci\u00f3n sobre una donaci\u00f3n de 500 millones de pesos no reportada, lo que ha desatado una oleada de reacciones a nivel nacional e internacional.<\/p><p>Por otro lado, el llamado a manifestaciones por parte de Fecode, programadas para el 8 de febrero frente a la Corte Suprema de Justicia, busca presionar para la elecci\u00f3n de un nuevo Fiscal General, en un contexto marcado por la tensi\u00f3n entre el gobierno y el organismo judicial. La Federaci\u00f3n de Educadores, apoyada por la Central Unitaria de Trabajadores (CUT), responde as\u00ed a los recientes allanamientos de la Fiscal\u00eda y a las acusaciones contra William Velandia, presidente de Fecode, intensificando el debate p\u00fablico sobre la independencia de poderes y la salud democr\u00e1tica del pa\u00eds.<\/p><p>Este escenario ha generado una ola de solidaridad y preocupaci\u00f3n entre organizaciones de derechos humanos y partidos progresistas tanto dentro como fuera de Colombia, evidenciando la profundidad de la crisis institucional que se vislumbra. La respuesta del Presidente Petro, quien ha denunciado un intento de \u00abgolpe blando\u00bb, refleja la polarizaci\u00f3n y el desaf\u00edo que enfrenta Colombia en un momento cr\u00edtico para su democracia.<\/p><p>Los pr\u00f3ximos d\u00edas ser\u00e1n decisivos para entender las direcciones que tomar\u00e1 el pa\u00eds en medio de este complejo entramado pol\u00edtico y social. Con una comunidad internacional atenta y una ciudadan\u00eda movilizada, Colombia se encuentra en un punto de inflexi\u00f3n que podr\u00eda redefinir su futuro democr\u00e1tico.<\/p><figure class=\"wp-block-embed is-type-rich is-provider-twitter wp-block-embed-twitter\"><div class=\"wp-block-embed__wrapper\">\n<blockquote class=\"twitter-tweet\" data-width=\"550\" data-dnt=\"true\"><p lang=\"en\" dir=\"ltr\">\ud83d\udd34The President of Colombia, <a href=\"https:\/\/twitter.com\/petrogustavo?ref_src=twsrc%5Etfw\">@petrogustavo<\/a>, request progressive parties, workers&#39; organizations in Colombia and the world to be aware of the following complaint. \ud83d\udc47\ud83c\udffb<a href=\"https:\/\/t.co\/CcN1Yt2HFZ\">https:\/\/t.co\/CcN1Yt2HFZ<\/a><\/p>&mdash; Presidencia Colombia \ud83c\udde8\ud83c\uddf4 (@infopresidencia) <a href=\"https:\/\/twitter.com\/infopresidencia\/status\/1753827180985921826?ref_src=twsrc%5Etfw\">February 3, 2024<\/a><\/blockquote><script async src=\"https:\/\/platform.twitter.com\/widgets.js\" charset=\"utf-8\"><\/script>\n<\/div><\/figure><figure class=\"wp-block-embed is-type-rich is-provider-twitter wp-block-embed-twitter\"><div class=\"wp-block-embed__wrapper\">\n<blockquote class=\"twitter-tweet\" data-width=\"550\" data-dnt=\"true\"><p lang=\"ar\" dir=\"rtl\">\u0628\u064a\u0627\u0646 \u0635\u062d\u0641\u064a<br><br>\u0623\u062a\u0648\u062c\u0647 \u0625\u0644\u0649 \u062c\u0645\u064a\u0639 \u0645\u0646\u0638\u0645\u0627\u062a \u062d\u0642\u0648\u0642 \u0627\u0644\u0625\u0646\u0633\u0627\u0646 \u0648\u0627\u0644\u0623\u062d\u0632\u0627\u0628 \u0627\u0644\u062a\u0642\u062f\u0645\u064a\u0629 \u0648\u0645\u0646\u0638\u0645\u0627\u062a \u0627\u0644\u0639\u0645\u0627\u0644 \u0641\u064a \u0643\u0648\u0644\u0648\u0645\u0628\u064a\u0627 \u0648\u0627\u0644\u0639\u0627\u0644\u0645 \u0628\u0623\u0633\u0631\u0647 \u0648\u0623\u0637\u0644\u0628 \u0645\u0646\u0647\u0627 \u0627\u0644\u0627\u0646\u062a\u0628\u0627\u0647 \u0625\u0644\u0649 \u0647\u0630\u0627 \u0627\u0644\u0646\u062f\u0627\u0621:<br><br>\u0644\u0642\u062f \u0633\u0645\u0639\u062a \u062e\u0628\u0631\u0627\u0621 \u0642\u0627\u0646\u0648\u0646 \u0644\u0627\u0645\u0639\u064a\u0646 \u064a\u062a\u062d\u062f\u062b\u0648\u0646 \u0639\u0646 \u062e\u0631\u0642 \u0644\u0644\u0645\u0624\u0633\u0633\u0627\u062a \u0628\u062e\u0635\u0648\u0635 \u062d\u0627\u0644\u0629 \u0645\u0633\u062a\u0634\u0627\u0631 \u0627\u0644\u062c\u0645\u0647\u0648\u0631\u064a\u0629\u060c \u0648\u0647\u0648 \u0627\u0644\u0623\u0648\u0644 \u0627\u0644\u0630\u064a \u064a\u062a\u0645 \u0625\u064a\u0642\u0627\u0641\u0647. \u0643\u0644 \u0645\u0627 \u0643\u0646\u062a \u0622\u0645\u0644\u0647 \u0647\u0648 \u0623\u0646 \u064a\u062a\u0645\u2026<\/p>&mdash; Gustavo Petro (@petrogustavo) <a href=\"https:\/\/twitter.com\/petrogustavo\/status\/1753884513178980837?ref_src=twsrc%5Etfw\">February 3, 2024<\/a><\/blockquote><script async src=\"https:\/\/platform.twitter.com\/widgets.js\" charset=\"utf-8\"><\/script>\n<\/div><\/figure>","protected":false},"excerpt":{"rendered":"<p>En una serie de eventos que han sacudido el panorama pol\u00edtico colombiano, el Presidente Gustavo Petro ha elevado la voz en m\u00faltiples idiomas alertando sobre lo que califica de \u00abpersecuci\u00f3n\u00bb y \u00abruptura institucional\u00bb, en respuesta a las acciones de la Fiscal\u00eda que planea imputar cargos contra importantes figuras relacionadas con su campa\u00f1a presidencial. La controversia [&hellip;]<\/p>\n","protected":false},"author":4,"featured_media":937,"comment_status":"open","ping_status":"open","sticky":false,"template":"","format":"standard","meta":{"tdm_status":"","tdm_grid_status":"","_jetpack_memberships_contains_paid_content":false,"footnotes":""},"categories":[39,105,46,103,86],"tags":[],"class_list":{"0":"post-933","1":"post","2":"type-post","3":"status-publish","4":"format-standard","5":"has-post-thumbnail","7":"category-colombia","8":"category-fiscalia","9":"category-gobierno","10":"category-petro","11":"category-politica"},"jetpack_sharing_enabled":true,"jetpack_featured_media_url":"https:\/\/colombiaopina.com.co\/wp-content\/uploads\/2024\/02\/Captura-de-pantalla-2024-02-05-a-las-10.39.00\u202fa.-m.png","amp_enabled":true,"_links":{"self":[{"href":"https:\/\/colombiaopina.com.co\/index.php\/wp-json\/wp\/v2\/posts\/933"}],"collection":[{"href":"https:\/\/colombiaopina.com.co\/index.php\/wp-json\/wp\/v2\/posts"}],"about":[{"href":"https:\/\/colombiaopina.com.co\/index.php\/wp-json\/wp\/v2\/types\/post"}],"author":[{"embeddable":true,"href":"https:\/\/colombiaopina.com.co\/index.php\/wp-json\/wp\/v2\/users\/4"}],"replies":[{"embeddable":true,"href":"https:\/\/colombiaopina.com.co\/index.php\/wp-json\/wp\/v2\/comments?post=933"}],"version-history":[{"count":1,"href":"https:\/\/colombiaopina.com.co\/index.php\/wp-json\/wp\/v2\/posts\/933\/revisions"}],"predecessor-version":[{"id":938,"href":"https:\/\/colombiaopina.com.co\/index.php\/wp-json\/wp\/v2\/posts\/933\/revisions\/938"}],"wp:featuredmedia":[{"embeddable":true,"href":"https:\/\/colombiaopina.com.co\/index.php\/wp-json\/wp\/v2\/media\/937"}],"wp:attachment":[{"href":"https:\/\/colombiaopina.com.co\/index.php\/wp-json\/wp\/v2\/media?parent=933"}],"wp:term":[{"taxonomy":"category","embeddable":true,"href":"https:\/\/colombiaopina.com.co\/index.php\/wp-json\/wp\/v2\/categories?post=933"},{"taxonomy":"post_tag","embeddable":true,"href":"https:\/\/colombiaopina.com.co\/index.php\/wp-json\/wp\/v2\/tags?post=933"}],"curies":[{"name":"wp","href":"https:\/\/api.w.org\/{rel}","templated":true}]}}