{"id":905,"date":"2024-02-02T16:43:15","date_gmt":"2024-02-02T21:43:15","guid":{"rendered":"https:\/\/colombiaopina.com.co\/?p=905"},"modified":"2024-02-02T16:43:17","modified_gmt":"2024-02-02T21:43:17","slug":"turbulencias-en-el-gobierno-petro-exige-la-renuncia-de-director-de-planeacion-nacional-por-diferencias-en-presupuesto","status":"publish","type":"post","link":"https:\/\/colombiaopina.com.co\/index.php\/2024\/02\/02\/turbulencias-en-el-gobierno-petro-exige-la-renuncia-de-director-de-planeacion-nacional-por-diferencias-en-presupuesto\/","title":{"rendered":"Turbulencias en el Gobierno: Petro exige la renuncia de Director de Planeaci\u00f3n Nacional por diferencias en presupuesto"},"content":{"rendered":"<p>En un sorprendente giro de los acontecimientos, el director de Planeaci\u00f3n Nacional, Jorge Iv\u00e1n Gonz\u00e1lez, present\u00f3 su renuncia a ra\u00edz de diferencias en la distribuci\u00f3n presupuestaria, despu\u00e9s de que el presidente Gustavo Petro le solicitara abandonar su cargo. Este inesperado suceso ha sacudido los pasillos de la Casa de Nari\u00f1o y ha dejado entrever tensiones dentro del gobierno colombiano.<\/p><p>Jorge Iv\u00e1n Gonz\u00e1lez, un reconocido t\u00e9cnico en el \u00e1mbito gubernamental y firme creyente en las propuestas de Petro, no ten\u00eda previsto dejar su cargo. Su renuncia sorprendi\u00f3 tanto a la comunidad pol\u00edtica como a la ciudadan\u00eda en general. Se especula que las discrepancias comenzaron a surgir a finales de diciembre, cuando el presidente recibi\u00f3 el decreto 2295 para firmar, el cual liquida el Presupuesto General de la Naci\u00f3n para el a\u00f1o 2024.<\/p><p>Este decreto es crucial para la ejecuci\u00f3n del presupuesto anual, y su firma es una formalidad que debe llevarse a cabo en diciembre. Sin embargo, Petro se mostr\u00f3 extremadamente molesto al examinar la distribuci\u00f3n presupuestaria. En particular, le disgust\u00f3 que se destinaran recursos a proyectos viales en el departamento de Antioquia y no se asignara un solo centavo a sus propuestas, como la construcci\u00f3n de un paso subterr\u00e1neo en Soacha.<\/p><p>El presidente consider\u00f3 que el presupuesto no reflejaba adecuadamente su programa de gobierno y expres\u00f3 su irritaci\u00f3n por la asignaci\u00f3n de fondos a proyectos que no formaban parte de su agenda. La discusi\u00f3n se intensific\u00f3 en los d\u00edas siguientes, y diversas reuniones se llevaron a cabo en un intento por resolver la situaci\u00f3n.<\/p><p>Seg\u00fan se informa, el anexo del decreto de liquidaci\u00f3n del presupuesto se convirti\u00f3 en un punto de conflicto, ya que se habr\u00eda omitido la discriminaci\u00f3n de alrededor de 13 billones de pesos, un requisito constitucional. La ausencia de esta discriminaci\u00f3n podr\u00eda resultar en el uso inadecuado de los recursos y afectar compromisos futuros del Estado, lo que podr\u00eda dar lugar a posibles demandas legales. Adem\u00e1s, empresas de ingenier\u00eda del pa\u00eds se encuentran preocupadas, ya que la falta de recursos garantizados podr\u00eda obstaculizar el progreso de proyectos de infraestructura.<\/p><p>La pregunta que surge es por qu\u00e9 Jorge Iv\u00e1n Gonz\u00e1lez fue el que present\u00f3 su renuncia, en lugar de otros funcionarios involucrados en la gesti\u00f3n presupuestaria, como el ministro de Hacienda, Ricardo Bonilla, o el ministro de Transporte, William Camargo. Ambos son figuras de confianza de Petro y trabajaron con \u00e9l durante su mandato en la Alcald\u00eda de Bogot\u00e1.<\/p><p>Sin embargo, Gonz\u00e1lez era el \u00fanico sobreviviente en el gabinete de un grupo de cuatro ministros que intentaron convencer a Petro de la necesidad de una reforma de salud hace diez meses, pero fueron destituidos en el proceso. A pesar de que Petro sol\u00eda elogiar a Gonz\u00e1lez por su calidad y compromiso, hab\u00eda llegado a creer que era un obst\u00e1culo para la ejecuci\u00f3n de sus proyectos.<\/p><p>Las tensiones culminaron en una reuni\u00f3n del Consejo Econ\u00f3mico el mi\u00e9rcoles, donde se buscaban soluciones legales para incorporar los proyectos de Petro en el presupuesto. Sin embargo, la opini\u00f3n un\u00e1nime de los ministros Bonilla, Camargo y Gonz\u00e1lez fue que no era factible desde un punto de vista legal.<\/p><p>La renuncia de Gonz\u00e1lez ha planteado inc\u00f3gnitas sobre el futuro de otros funcionarios en el gabinete de Petro, ya que algunos, como la ministra de Educaci\u00f3n, Aurora Vergara Figueroa, tambi\u00e9n podr\u00edan estar considerando dejar sus cargos debido a las diferencias actuales.<\/p><p>A pesar de que se rumore\u00f3 sobre la posibilidad de una renuncia masiva del gabinete, la Presidencia desminti\u00f3 estas afirmaciones. No obstante, este episodio ha dejado en evidencia las tensiones dentro del gobierno de Gustavo Petro y su determinaci\u00f3n de llevar adelante su programa de gobierno de manera decidida y audaz. Las pr\u00f3ximas semanas ser\u00e1n cruciales para determinar c\u00f3mo se gestionar\u00e1n las diferencias presupuestarias y c\u00f3mo se mantendr\u00e1 la estabilidad en el gobierno&nbsp;colombiano.<\/p>","protected":false},"excerpt":{"rendered":"<p>En un sorprendente giro de los acontecimientos, el director de Planeaci\u00f3n Nacional, Jorge Iv\u00e1n Gonz\u00e1lez, present\u00f3 su renuncia a ra\u00edz de diferencias en la distribuci\u00f3n presupuestaria, despu\u00e9s de que el presidente Gustavo Petro le solicitara abandonar su cargo. Este inesperado suceso ha sacudido los pasillos de la Casa de Nari\u00f1o y ha dejado entrever tensiones [&hellip;]<\/p>\n","protected":false},"author":1,"featured_media":906,"comment_status":"closed","ping_status":"open","sticky":false,"template":"","format":"standard","meta":{"tdm_status":"","tdm_grid_status":"","_jetpack_memberships_contains_paid_content":false,"footnotes":""},"categories":[39,46],"tags":[],"class_list":{"0":"post-905","1":"post","2":"type-post","3":"status-publish","4":"format-standard","5":"has-post-thumbnail","7":"category-colombia","8":"category-gobierno"},"jetpack_sharing_enabled":true,"jetpack_featured_media_url":"https:\/\/colombiaopina.com.co\/wp-content\/uploads\/2024\/02\/DNP.jpeg","amp_enabled":true,"_links":{"self":[{"href":"https:\/\/colombiaopina.com.co\/index.php\/wp-json\/wp\/v2\/posts\/905"}],"collection":[{"href":"https:\/\/colombiaopina.com.co\/index.php\/wp-json\/wp\/v2\/posts"}],"about":[{"href":"https:\/\/colombiaopina.com.co\/index.php\/wp-json\/wp\/v2\/types\/post"}],"author":[{"embeddable":true,"href":"https:\/\/colombiaopina.com.co\/index.php\/wp-json\/wp\/v2\/users\/1"}],"replies":[{"embeddable":true,"href":"https:\/\/colombiaopina.com.co\/index.php\/wp-json\/wp\/v2\/comments?post=905"}],"version-history":[{"count":1,"href":"https:\/\/colombiaopina.com.co\/index.php\/wp-json\/wp\/v2\/posts\/905\/revisions"}],"predecessor-version":[{"id":907,"href":"https:\/\/colombiaopina.com.co\/index.php\/wp-json\/wp\/v2\/posts\/905\/revisions\/907"}],"wp:featuredmedia":[{"embeddable":true,"href":"https:\/\/colombiaopina.com.co\/index.php\/wp-json\/wp\/v2\/media\/906"}],"wp:attachment":[{"href":"https:\/\/colombiaopina.com.co\/index.php\/wp-json\/wp\/v2\/media?parent=905"}],"wp:term":[{"taxonomy":"category","embeddable":true,"href":"https:\/\/colombiaopina.com.co\/index.php\/wp-json\/wp\/v2\/categories?post=905"},{"taxonomy":"post_tag","embeddable":true,"href":"https:\/\/colombiaopina.com.co\/index.php\/wp-json\/wp\/v2\/tags?post=905"}],"curies":[{"name":"wp","href":"https:\/\/api.w.org\/{rel}","templated":true}]}}