{"id":890,"date":"2024-02-02T16:22:06","date_gmt":"2024-02-02T21:22:06","guid":{"rendered":"https:\/\/colombiaopina.com.co\/?p=890"},"modified":"2024-02-02T16:22:24","modified_gmt":"2024-02-02T21:22:24","slug":"medellin-registra-historica-disminucion-del-24-en-homicidios-durante-enero-16-dias-sin-crimenes-mortales","status":"publish","type":"post","link":"https:\/\/colombiaopina.com.co\/index.php\/2024\/02\/02\/medellin-registra-historica-disminucion-del-24-en-homicidios-durante-enero-16-dias-sin-crimenes-mortales\/","title":{"rendered":"Medell\u00edn registra hist\u00f3rica disminuci\u00f3n del 24% en homicidios durante enero: 16 D\u00edas sin cr\u00edmenes mortales"},"content":{"rendered":"<p>La Alcald\u00eda de Medell\u00edn ha anunciado un significativo avance en la lucha contra la violencia en la ciudad, reportando una notable disminuci\u00f3n del 24% en los casos de homicidios durante el primer mes del a\u00f1o, en comparaci\u00f3n con el mismo periodo de 2023. Este logro marca la reducci\u00f3n m\u00e1s considerable en los homicidios reportados para un inicio de a\u00f1o en las \u00faltimas dos d\u00e9cadas, destacando 16 d\u00edas no consecutivos sin registrar este tipo de cr\u00edmenes.<\/p><p>Este resultado es fruto de la estrecha colaboraci\u00f3n entre la Alcald\u00eda y entidades como el Ej\u00e9rcito, la Polic\u00eda y la Fiscal\u00eda, lo que ha permitido restablecer la confianza y aumentar la operatividad en las medidas de seguridad. Seg\u00fan el secretario de Seguridad y Convivencia, Manuel Villa Mej\u00eda, estas acciones conjuntas est\u00e1n encaminadas a fortalecer y consolidar resultados positivos para los ciudadanos de Medell\u00edn.<br>En t\u00e9rminos de acciones concretas, la ciudad ha visto m\u00e1s de 1.200 capturas y la incautaci\u00f3n de 458 armas blancas y 62 de fuego, adem\u00e1s de la recuperaci\u00f3n de 199 motocicletas y 30 veh\u00edculos. Tambi\u00e9n se han intensificado las acciones de recuperaci\u00f3n del espacio p\u00fablico, con m\u00e1s de 100 intervenciones realizadas, incluyendo puestos de control y operativos contra piques ilegales en puntos cr\u00edticos como el puente de La Asomadera, Las Palmas y el puente de la 4 Sur, as\u00ed como intervenciones en el parque Lleras y la Plaza Botero.<\/p><p>El secretario Villa Mej\u00eda enfatiz\u00f3 el compromiso de la administraci\u00f3n por hacer del espacio p\u00fablico un lugar accesible, limpio, agradable y seguro, rescat\u00e1ndolo del caos y restableciendo el orden. La intensificaci\u00f3n de los operativos, que ahora ascienden a 18 por semana, cuenta con la participaci\u00f3n de diversas secretar\u00edas, incluyendo Inclusi\u00f3n Social, Familia y Derechos Humanos, Medio Ambiente y Emvarias, demostrando un enfoque integral en la mejora de la seguridad y la convivencia en Medell\u00edn.<\/p>","protected":false},"excerpt":{"rendered":"<p>La Alcald\u00eda de Medell\u00edn ha anunciado un significativo avance en la lucha contra la violencia en la ciudad, reportando una notable disminuci\u00f3n del 24% en los casos de homicidios durante el primer mes del a\u00f1o, en comparaci\u00f3n con el mismo periodo de 2023. Este logro marca la reducci\u00f3n m\u00e1s considerable en los homicidios reportados para [&hellip;]<\/p>\n","protected":false},"author":1,"featured_media":891,"comment_status":"open","ping_status":"open","sticky":false,"template":"","format":"standard","meta":{"tdm_status":"","tdm_grid_status":"","_jetpack_memberships_contains_paid_content":false,"footnotes":""},"categories":[38,39,54,41],"tags":[127,65],"class_list":{"0":"post-890","1":"post","2":"type-post","3":"status-publish","4":"format-standard","5":"has-post-thumbnail","7":"category-antioquia","8":"category-colombia","9":"category-medellin","10":"category-seguridad","11":"tag-orden-publico","12":"tag-seguridad"},"jetpack_sharing_enabled":true,"jetpack_featured_media_url":"https:\/\/colombiaopina.com.co\/wp-content\/uploads\/2024\/02\/Intervenciones-Sociales-2.jpg","amp_enabled":true,"_links":{"self":[{"href":"https:\/\/colombiaopina.com.co\/index.php\/wp-json\/wp\/v2\/posts\/890"}],"collection":[{"href":"https:\/\/colombiaopina.com.co\/index.php\/wp-json\/wp\/v2\/posts"}],"about":[{"href":"https:\/\/colombiaopina.com.co\/index.php\/wp-json\/wp\/v2\/types\/post"}],"author":[{"embeddable":true,"href":"https:\/\/colombiaopina.com.co\/index.php\/wp-json\/wp\/v2\/users\/1"}],"replies":[{"embeddable":true,"href":"https:\/\/colombiaopina.com.co\/index.php\/wp-json\/wp\/v2\/comments?post=890"}],"version-history":[{"count":1,"href":"https:\/\/colombiaopina.com.co\/index.php\/wp-json\/wp\/v2\/posts\/890\/revisions"}],"predecessor-version":[{"id":892,"href":"https:\/\/colombiaopina.com.co\/index.php\/wp-json\/wp\/v2\/posts\/890\/revisions\/892"}],"wp:featuredmedia":[{"embeddable":true,"href":"https:\/\/colombiaopina.com.co\/index.php\/wp-json\/wp\/v2\/media\/891"}],"wp:attachment":[{"href":"https:\/\/colombiaopina.com.co\/index.php\/wp-json\/wp\/v2\/media?parent=890"}],"wp:term":[{"taxonomy":"category","embeddable":true,"href":"https:\/\/colombiaopina.com.co\/index.php\/wp-json\/wp\/v2\/categories?post=890"},{"taxonomy":"post_tag","embeddable":true,"href":"https:\/\/colombiaopina.com.co\/index.php\/wp-json\/wp\/v2\/tags?post=890"}],"curies":[{"name":"wp","href":"https:\/\/api.w.org\/{rel}","templated":true}]}}