{"id":872,"date":"2024-02-02T09:50:33","date_gmt":"2024-02-02T14:50:33","guid":{"rendered":"https:\/\/colombiaopina.com.co\/?p=872"},"modified":"2024-02-02T10:23:49","modified_gmt":"2024-02-02T15:23:49","slug":"el-presidente-gustavo-petro-ha-sido-nominado-para-el-premio-nobel-de-la-paz-2023","status":"publish","type":"post","link":"https:\/\/colombiaopina.com.co\/index.php\/2024\/02\/02\/el-presidente-gustavo-petro-ha-sido-nominado-para-el-premio-nobel-de-la-paz-2023\/","title":{"rendered":"El presidente Gustavo Petro, ha sido nominado para el Premio Nobel de la Paz 2024"},"content":{"rendered":"<p>La nominaci\u00f3n proviene de Rasmus Hansson, un parlamentario ecologista de Noruega, quien elogi\u00f3 las iniciativas de paz del presidente colombiano.<\/p><p>La noticia de la nominaci\u00f3n de Petro al Premio Nobel de la Paz gener\u00f3 diversas reacciones en Colombia. Mientras algunos felicitaron al presidente por esta nominaci\u00f3n, otros expresaron cr\u00edticas y preocupaciones. La senadora Mar\u00eda Fernanda Cabal, por ejemplo, se\u00f1al\u00f3 la cantidad de masacres y asesinatos de l\u00edderes sociales que han ocurrido desde que Petro asumi\u00f3 el cargo, cuestionando si merec\u00eda el Nobel de Paz.<\/p><p>Por otro lado, el partido de gobierno extendi\u00f3 sus felicitaciones a Petro por la nominaci\u00f3n y destac\u00f3 las luchas que ha liderado tanto a nivel nacional como internacional.<\/p><p>Diversos activistas y pol\u00edticos tambi\u00e9n se pronunciaron al respecto, algunos celebrando la nominaci\u00f3n como un reconocimiento a los esfuerzos de Petro por la paz, mientras que otros expresaron opiniones cr\u00edticas sobre el Premio Nobel de la Paz en s\u00ed.<\/p><p>Es importante mencionar que la nominaci\u00f3n al Premio Nobel de la Paz es un proceso confidencial y que el Comit\u00e9 Nobel noruego solo publica el n\u00famero total de candidatos, sin revelar los nombres hasta 50 a\u00f1os despu\u00e9s. Sin embargo, en este caso, la nominaci\u00f3n de Petro fue hecha p\u00fablica por Hansson.<\/p><p>En 2016, el expresidente colombiano Juan Manuel Santos fue galardonado con el Premio Nobel de la Paz por sus esfuerzos para poner fin al conflicto armado en Colombia, lo que subraya la importancia global de buscar soluciones pac\u00edficas a conflictos prolongados.<\/p><figure class=\"wp-block-embed is-type-rich is-provider-twitter wp-block-embed-twitter\"><div class=\"wp-block-embed__wrapper\">\n<blockquote class=\"twitter-tweet\" data-width=\"550\" data-dnt=\"true\"><p lang=\"es\" dir=\"ltr\">-Petro aument\u00f3 la producci\u00f3n y consumo de drogas beneficiando a los narcotraficantes.<br>Petro tiene un narcoestado!<br>Petro es el nobel de la corrupci\u00f3n!<br>&#8211;<a href=\"https:\/\/twitter.com\/hashtag\/UnNobelPara?src=hash&amp;ref_src=twsrc%5Etfw\">#UnNobelPara<\/a> El presidente Uribe.<br>-Nuestro senador <a href=\"https:\/\/twitter.com\/MiguelUribeT?ref_src=twsrc%5Etfw\">@MiguelUribeT<\/a> apoya a Barranquilla.<br>RETWEET \ud83d\udd04 SI RECHAZAS AL PACTO HIST\u00d3RICO <a href=\"https:\/\/t.co\/FsSgYmN5mn\">pic.twitter.com\/FsSgYmN5mn<\/a><\/p>&mdash; Miguel Uribe Fans \ud83c\udde8\ud83c\uddf4\ud83c\uddee\ud83c\uddf1 (@migueluribef) <a href=\"https:\/\/twitter.com\/migueluribef\/status\/1753411543415357448?ref_src=twsrc%5Etfw\">February 2, 2024<\/a><\/blockquote><script async src=\"https:\/\/platform.twitter.com\/widgets.js\" charset=\"utf-8\"><\/script>\n<\/div><\/figure><figure class=\"wp-block-embed is-type-rich is-provider-twitter wp-block-embed-twitter\"><div class=\"wp-block-embed__wrapper\">\n<blockquote class=\"twitter-tweet\" data-width=\"550\" data-dnt=\"true\"><p lang=\"es\" dir=\"ltr\">\u00bfEn serio un nominado al Nobel de Paz que se alz\u00f3 en armas y perteneci\u00f3 a un grupo terrorista que mat\u00f3, secuestro y torturo miles de colombianos en los 80\u2019s? \u00bfEn serio un nominado al Nobel de Paz que recibi\u00f3 financiaci\u00f3n del narcotrafico para su campa\u00f1a presidencial? <a href=\"https:\/\/t.co\/iPW5zUTuED\">pic.twitter.com\/iPW5zUTuED<\/a><\/p>&mdash; MIGUEL ABRAHAM POLO POLO (@MiguelPoloP) <a href=\"https:\/\/twitter.com\/MiguelPoloP\/status\/1753159096352587940?ref_src=twsrc%5Etfw\">February 1, 2024<\/a><\/blockquote><script async src=\"https:\/\/platform.twitter.com\/widgets.js\" charset=\"utf-8\"><\/script>\n<\/div><\/figure>","protected":false},"excerpt":{"rendered":"<p>La nominaci\u00f3n proviene de Rasmus Hansson, un parlamentario ecologista de Noruega, quien elogi\u00f3 las iniciativas de paz del presidente colombiano. La noticia de la nominaci\u00f3n de Petro al Premio Nobel de la Paz gener\u00f3 diversas reacciones en Colombia. Mientras algunos felicitaron al presidente por esta nominaci\u00f3n, otros expresaron cr\u00edticas y preocupaciones. La senadora Mar\u00eda Fernanda [&hellip;]<\/p>\n","protected":false},"author":4,"featured_media":873,"comment_status":"open","ping_status":"open","sticky":false,"template":"","format":"standard","meta":{"tdm_status":"","tdm_grid_status":"","_jetpack_memberships_contains_paid_content":false,"footnotes":""},"categories":[39,46,103,86],"tags":[],"class_list":{"0":"post-872","1":"post","2":"type-post","3":"status-publish","4":"format-standard","5":"has-post-thumbnail","7":"category-colombia","8":"category-gobierno","9":"category-petro","10":"category-politica"},"jetpack_sharing_enabled":true,"jetpack_featured_media_url":"https:\/\/colombiaopina.com.co\/wp-content\/uploads\/2024\/02\/sEmTFHgt.jpeg","amp_enabled":true,"_links":{"self":[{"href":"https:\/\/colombiaopina.com.co\/index.php\/wp-json\/wp\/v2\/posts\/872"}],"collection":[{"href":"https:\/\/colombiaopina.com.co\/index.php\/wp-json\/wp\/v2\/posts"}],"about":[{"href":"https:\/\/colombiaopina.com.co\/index.php\/wp-json\/wp\/v2\/types\/post"}],"author":[{"embeddable":true,"href":"https:\/\/colombiaopina.com.co\/index.php\/wp-json\/wp\/v2\/users\/4"}],"replies":[{"embeddable":true,"href":"https:\/\/colombiaopina.com.co\/index.php\/wp-json\/wp\/v2\/comments?post=872"}],"version-history":[{"count":2,"href":"https:\/\/colombiaopina.com.co\/index.php\/wp-json\/wp\/v2\/posts\/872\/revisions"}],"predecessor-version":[{"id":875,"href":"https:\/\/colombiaopina.com.co\/index.php\/wp-json\/wp\/v2\/posts\/872\/revisions\/875"}],"wp:featuredmedia":[{"embeddable":true,"href":"https:\/\/colombiaopina.com.co\/index.php\/wp-json\/wp\/v2\/media\/873"}],"wp:attachment":[{"href":"https:\/\/colombiaopina.com.co\/index.php\/wp-json\/wp\/v2\/media?parent=872"}],"wp:term":[{"taxonomy":"category","embeddable":true,"href":"https:\/\/colombiaopina.com.co\/index.php\/wp-json\/wp\/v2\/categories?post=872"},{"taxonomy":"post_tag","embeddable":true,"href":"https:\/\/colombiaopina.com.co\/index.php\/wp-json\/wp\/v2\/tags?post=872"}],"curies":[{"name":"wp","href":"https:\/\/api.w.org\/{rel}","templated":true}]}}