{"id":8561,"date":"2024-09-10T11:56:45","date_gmt":"2024-09-10T16:56:45","guid":{"rendered":"https:\/\/colombiaopina.com.co\/?p=8561"},"modified":"2024-09-10T11:56:47","modified_gmt":"2024-09-10T16:56:47","slug":"petro-critica-a-la-prensa-mientras-promete-respetar-la-libertad-de-expresion","status":"publish","type":"post","link":"https:\/\/colombiaopina.com.co\/index.php\/2024\/09\/10\/petro-critica-a-la-prensa-mientras-promete-respetar-la-libertad-de-expresion\/","title":{"rendered":"Petro critica a la prensa mientras promete respetar la libertad de expresi\u00f3n"},"content":{"rendered":"<p>El presidente Gustavo Petro ha generado controversia tras un evento en la Casa de Nari\u00f1o, donde, a pesar de su compromiso con la libertad de prensa, arremeti\u00f3 contra periodistas y medios de comunicaci\u00f3n. Durante su discurso, Petro cuestion\u00f3 la existencia de una verdadera comunicaci\u00f3n social en Colombia y acus\u00f3 a los medios de reproducir mentiras para controlar la opini\u00f3n p\u00fablica.<\/p><p>Petro sostuvo que los medios del poder se dedican a difundir desinformaci\u00f3n, comparando la situaci\u00f3n actual con las t\u00e1cticas de propaganda usadas por Joseph Goebbels durante el r\u00e9gimen nazi. En un tono en\u00e9rgico, el presidente afirm\u00f3 que la teor\u00eda de Goebbels de mentir repetidamente hasta que se crea como verdad se aplica en el contexto colombiano, sugiriendo que esta estrategia se sigue utilizando para dominar la sociedad.<\/p><p>La intervenci\u00f3n de Petro se produjo en respuesta a las cr\u00edticas de Pedro Vaca, relator especial para la libertad de expresi\u00f3n de la Comisi\u00f3n Interamericana de Derechos Humanos (CIDH). Vaca hab\u00eda subrayado que el respeto a la libertad de prensa debe empezar por el propio presidente, enfatizando la importancia de que los funcionarios p\u00fablicos defiendan el debate p\u00fablico y la informaci\u00f3n veraz.<\/p><figure class=\"wp-block-image size-full\"><img loading=\"lazy\" decoding=\"async\" width=\"1000\" height=\"600\" src=\"https:\/\/colombiaopina.com.co\/wp-content\/uploads\/2024\/09\/IMG_6122.webp\" alt=\"\" class=\"wp-image-8533\" srcset=\"https:\/\/colombiaopina.com.co\/wp-content\/uploads\/2024\/09\/IMG_6122.webp 1000w, https:\/\/colombiaopina.com.co\/wp-content\/uploads\/2024\/09\/IMG_6122-300x180.webp 300w, https:\/\/colombiaopina.com.co\/wp-content\/uploads\/2024\/09\/IMG_6122-768x461.webp 768w, https:\/\/colombiaopina.com.co\/wp-content\/uploads\/2024\/09\/IMG_6122-150x90.webp 150w, https:\/\/colombiaopina.com.co\/wp-content\/uploads\/2024\/09\/IMG_6122-696x418.webp 696w, https:\/\/colombiaopina.com.co\/wp-content\/uploads\/2024\/09\/IMG_6122-600x360.webp 600w\" sizes=\"(max-width: 1000px) 100vw, 1000px\" \/><\/figure><p>Vaca tambi\u00e9n elogi\u00f3 la iniciativa del gobierno para implementar una directiva sobre la libertad de expresi\u00f3n, se\u00f1alando que esta deber\u00eda ser un ejemplo a seguir. Sin embargo, el presidente Petro descalific\u00f3 estas observaciones al se\u00f1alar que los medios y las figuras p\u00fablicas que critican al gobierno est\u00e1n promoviendo un tipo de comunicaci\u00f3n que considera nociva para la sociedad.<\/p><p>El presidente Petro tambi\u00e9n hizo referencia a figuras hist\u00f3ricas como Francisco Franco y Luis Companys, acusando a ciertos sectores de la prensa de seguir patrones de censura y represi\u00f3n similares a los del pasado. Su discurso refleja una creciente tensi\u00f3n entre el gobierno y los medios de comunicaci\u00f3n, a pesar de los compromisos oficiales con la libertad de prensa.<\/p><p>Este enfrentamiento subraya una contradicci\u00f3n en la pol\u00edtica de comunicaci\u00f3n del gobierno, donde las promesas de respeto a la libertad de expresi\u00f3n coexisten con ataques directos a los medios que critican su gesti\u00f3n.<\/p>","protected":false},"excerpt":{"rendered":"<p>El presidente Gustavo Petro ha generado controversia tras un evento en la Casa de Nari\u00f1o, donde, a pesar de su compromiso con la libertad de prensa, arremeti\u00f3 contra periodistas y medios de comunicaci\u00f3n. Durante su discurso, Petro cuestion\u00f3 la existencia de una verdadera comunicaci\u00f3n social en Colombia y acus\u00f3 a los medios de reproducir mentiras [&hellip;]<\/p>\n","protected":false},"author":4,"featured_media":8534,"comment_status":"open","ping_status":"open","sticky":false,"template":"","format":"standard","meta":{"tdm_status":"","tdm_grid_status":"","_jetpack_memberships_contains_paid_content":false,"footnotes":""},"categories":[39,50,103],"tags":[93,227,2376,135,2375],"class_list":{"0":"post-8561","1":"post","2":"type-post","3":"status-publish","4":"format-standard","5":"has-post-thumbnail","7":"category-colombia","8":"category-opinion","9":"category-petro","10":"tag-colombia","11":"tag-gobierno","12":"tag-libertad-de-expresion","13":"tag-petro","14":"tag-prensa"},"jetpack_sharing_enabled":true,"jetpack_featured_media_url":"https:\/\/colombiaopina.com.co\/wp-content\/uploads\/2024\/09\/IMG_6123.jpeg","amp_enabled":true,"_links":{"self":[{"href":"https:\/\/colombiaopina.com.co\/index.php\/wp-json\/wp\/v2\/posts\/8561"}],"collection":[{"href":"https:\/\/colombiaopina.com.co\/index.php\/wp-json\/wp\/v2\/posts"}],"about":[{"href":"https:\/\/colombiaopina.com.co\/index.php\/wp-json\/wp\/v2\/types\/post"}],"author":[{"embeddable":true,"href":"https:\/\/colombiaopina.com.co\/index.php\/wp-json\/wp\/v2\/users\/4"}],"replies":[{"embeddable":true,"href":"https:\/\/colombiaopina.com.co\/index.php\/wp-json\/wp\/v2\/comments?post=8561"}],"version-history":[{"count":1,"href":"https:\/\/colombiaopina.com.co\/index.php\/wp-json\/wp\/v2\/posts\/8561\/revisions"}],"predecessor-version":[{"id":8562,"href":"https:\/\/colombiaopina.com.co\/index.php\/wp-json\/wp\/v2\/posts\/8561\/revisions\/8562"}],"wp:featuredmedia":[{"embeddable":true,"href":"https:\/\/colombiaopina.com.co\/index.php\/wp-json\/wp\/v2\/media\/8534"}],"wp:attachment":[{"href":"https:\/\/colombiaopina.com.co\/index.php\/wp-json\/wp\/v2\/media?parent=8561"}],"wp:term":[{"taxonomy":"category","embeddable":true,"href":"https:\/\/colombiaopina.com.co\/index.php\/wp-json\/wp\/v2\/categories?post=8561"},{"taxonomy":"post_tag","embeddable":true,"href":"https:\/\/colombiaopina.com.co\/index.php\/wp-json\/wp\/v2\/tags?post=8561"}],"curies":[{"name":"wp","href":"https:\/\/api.w.org\/{rel}","templated":true}]}}