{"id":8469,"date":"2024-09-06T12:04:56","date_gmt":"2024-09-06T17:04:56","guid":{"rendered":"https:\/\/colombiaopina.com.co\/?p=8469"},"modified":"2024-09-06T12:04:58","modified_gmt":"2024-09-06T17:04:58","slug":"armando-benedetti-enfrenta-cargos-por-abandono-del-cargo-como-embajador-en-venezuela","status":"publish","type":"post","link":"https:\/\/colombiaopina.com.co\/index.php\/2024\/09\/06\/armando-benedetti-enfrenta-cargos-por-abandono-del-cargo-como-embajador-en-venezuela\/","title":{"rendered":"Armando Benedetti enfrenta cargos por abandono del cargo como embajador en Venezuela"},"content":{"rendered":"<p>El exembajador de Colombia en Venezuela, Armando Benedetti, ha sido acusado formalmente por la Canciller\u00eda por abandono del cargo durante su tiempo en Caracas. Los hechos ocurrieron a mediados de 2023, cuando Benedetti realiz\u00f3 varias salidas del pa\u00eds sin justificaci\u00f3n adecuada, seg\u00fan las investigaciones. Las solicitudes para sus movimientos internacionales habr\u00edan sido dirigidas directamente al presidente Gustavo Petro, evitando los canales regulares.<br><\/p><p>La Direcci\u00f3n de Asuntos Disciplinarios del Ministerio de Relaciones Exteriores formul\u00f3 cargos contra Benedetti, quien actualmente es embajador ante la Organizaci\u00f3n de las Naciones Unidas para la Alimentaci\u00f3n y la Agricultura (FAO). Se le acusa de cometer una falta grave que podr\u00eda derivar en su suspensi\u00f3n o destituci\u00f3n. Adem\u00e1s, el abandono del cargo podr\u00eda tener consecuencias penales, con la investigaci\u00f3n a cargo de la Sala Penal de la Corte Suprema de Justicia, debido a su estatus diplom\u00e1tico.<br><\/p><figure class=\"wp-block-image size-full\"><img loading=\"lazy\" decoding=\"async\" width=\"650\" height=\"488\" src=\"https:\/\/colombiaopina.com.co\/wp-content\/uploads\/2024\/09\/IMG_5955.jpeg\" alt=\"\" class=\"wp-image-8439\" srcset=\"https:\/\/colombiaopina.com.co\/wp-content\/uploads\/2024\/09\/IMG_5955.jpeg 650w, https:\/\/colombiaopina.com.co\/wp-content\/uploads\/2024\/09\/IMG_5955-300x225.jpeg 300w, https:\/\/colombiaopina.com.co\/wp-content\/uploads\/2024\/09\/IMG_5955-150x113.jpeg 150w, https:\/\/colombiaopina.com.co\/wp-content\/uploads\/2024\/09\/IMG_5955-265x198.jpeg 265w, https:\/\/colombiaopina.com.co\/wp-content\/uploads\/2024\/09\/IMG_5955-600x450.jpeg 600w\" sizes=\"(max-width: 650px) 100vw, 650px\" \/><\/figure><p>El proceso podr\u00eda tomar otro rumbo si la Procuradur\u00eda General de la Naci\u00f3n decide asumir la investigaci\u00f3n, lo que desplazar\u00eda la competencia del Ministerio de Relaciones Exteriores. Esto ocurre en un momento en que Benedetti ya se encuentra bajo la lupa por otros esc\u00e1ndalos, incluyendo acusaciones de enriquecimiento il\u00edcito.<br><\/p><p>En su defensa, Benedetti ha afirmado que, durante sus ausencias, solicit\u00f3 recibir solo el 25% de su salario, aunque tambi\u00e9n indic\u00f3 que el entonces canciller, \u00c1lvaro Leyva, no acept\u00f3 su solicitud de licencia no remunerada. Eventualmente, Benedetti present\u00f3 su renuncia, la cual fue aceptada por Leyva, quien no dud\u00f3 en realizar fuertes declaraciones p\u00fablicas en su contra.<\/p>","protected":false},"excerpt":{"rendered":"<p>El exembajador de Colombia en Venezuela, Armando Benedetti, ha sido acusado formalmente por la Canciller\u00eda por abandono del cargo durante su tiempo en Caracas. Los hechos ocurrieron a mediados de 2023, cuando Benedetti realiz\u00f3 varias salidas del pa\u00eds sin justificaci\u00f3n adecuada, seg\u00fan las investigaciones. Las solicitudes para sus movimientos internacionales habr\u00edan sido dirigidas directamente al [&hellip;]<\/p>\n","protected":false},"author":4,"featured_media":8438,"comment_status":"open","ping_status":"open","sticky":false,"template":"","format":"standard","meta":{"tdm_status":"","tdm_grid_status":"","_jetpack_memberships_contains_paid_content":false,"footnotes":""},"categories":[39,46,50,49,86],"tags":[2024,93,2025,227,135,583],"class_list":{"0":"post-8469","1":"post","2":"type-post","3":"status-publish","4":"format-standard","5":"has-post-thumbnail","7":"category-colombia","8":"category-gobierno","9":"category-opinion","10":"category-orden-publico","11":"category-politica","12":"tag-armando-bendetti","13":"tag-colombia","14":"tag-embajador","15":"tag-gobierno","16":"tag-petro","17":"tag-venezuela"},"jetpack_sharing_enabled":true,"jetpack_featured_media_url":"https:\/\/colombiaopina.com.co\/wp-content\/uploads\/2024\/09\/IMG_5956.jpeg","amp_enabled":true,"_links":{"self":[{"href":"https:\/\/colombiaopina.com.co\/index.php\/wp-json\/wp\/v2\/posts\/8469"}],"collection":[{"href":"https:\/\/colombiaopina.com.co\/index.php\/wp-json\/wp\/v2\/posts"}],"about":[{"href":"https:\/\/colombiaopina.com.co\/index.php\/wp-json\/wp\/v2\/types\/post"}],"author":[{"embeddable":true,"href":"https:\/\/colombiaopina.com.co\/index.php\/wp-json\/wp\/v2\/users\/4"}],"replies":[{"embeddable":true,"href":"https:\/\/colombiaopina.com.co\/index.php\/wp-json\/wp\/v2\/comments?post=8469"}],"version-history":[{"count":1,"href":"https:\/\/colombiaopina.com.co\/index.php\/wp-json\/wp\/v2\/posts\/8469\/revisions"}],"predecessor-version":[{"id":8470,"href":"https:\/\/colombiaopina.com.co\/index.php\/wp-json\/wp\/v2\/posts\/8469\/revisions\/8470"}],"wp:featuredmedia":[{"embeddable":true,"href":"https:\/\/colombiaopina.com.co\/index.php\/wp-json\/wp\/v2\/media\/8438"}],"wp:attachment":[{"href":"https:\/\/colombiaopina.com.co\/index.php\/wp-json\/wp\/v2\/media?parent=8469"}],"wp:term":[{"taxonomy":"category","embeddable":true,"href":"https:\/\/colombiaopina.com.co\/index.php\/wp-json\/wp\/v2\/categories?post=8469"},{"taxonomy":"post_tag","embeddable":true,"href":"https:\/\/colombiaopina.com.co\/index.php\/wp-json\/wp\/v2\/tags?post=8469"}],"curies":[{"name":"wp","href":"https:\/\/api.w.org\/{rel}","templated":true}]}}