{"id":8408,"date":"2024-09-05T13:59:21","date_gmt":"2024-09-05T18:59:21","guid":{"rendered":"https:\/\/colombiaopina.com.co\/?p=8408"},"modified":"2024-09-05T13:59:24","modified_gmt":"2024-09-05T18:59:24","slug":"gobierno-y-transportadores-estancados-en-negociaciones-paro-camionero-continua-sin-acuerdo","status":"publish","type":"post","link":"https:\/\/colombiaopina.com.co\/index.php\/2024\/09\/05\/gobierno-y-transportadores-estancados-en-negociaciones-paro-camionero-continua-sin-acuerdo\/","title":{"rendered":"Gobierno y transportadores estancados en negociaciones: paro camionero contin\u00faa sin acuerdo"},"content":{"rendered":"<p>El conflicto entre el Gobierno y los camioneros contin\u00faa sin resolverse, a pesar de los intensos d\u00edas de negociaciones que han tenido lugar en las \u00faltimas jornadas. El paro camionero, que ha paralizado importantes v\u00edas del pa\u00eds y afectado a cientos de miles de ciudadanos, se mantiene este jueves con una falta de acuerdo entre las partes involucradas.<br><\/p><p>El punto central de la discordia sigue siendo el aumento en el precio del di\u00e9sel, que subi\u00f3 1.904 pesos el 31 de agosto. El Gobierno, a trav\u00e9s de la ministra de Transporte, Mar\u00eda Constanza Garc\u00eda, propuso un incremento gradual de 200 pesos mensuales hasta diciembre, sumando un total de 800 pesos. Esta oferta tambi\u00e9n incluir\u00eda discusiones sobre ajustes estructurales en temas de fletes y el sistema de transporte. Sin embargo, los camioneros han rechazado esta propuesta, exigiendo un aumento inmediato de 400 pesos y garantizando condiciones m\u00e1s favorables para su sector antes de aceptar cualquier ajuste.<br><\/p><p>Durante las conversaciones, que incluyeron a los ministros de Hacienda, Transporte, Trabajo y Minas y Energ\u00eda, se abordaron tambi\u00e9n temas cr\u00edticos como la reposici\u00f3n de camiones y la regulaci\u00f3n de tarifas. Los transportadores denunciaron una situaci\u00f3n precaria en comparaci\u00f3n con las grandes empresas que poseen flotas propias, y expresaron su malestar por decisiones gubernamentales como la prohibici\u00f3n de exportar carb\u00f3n a Israel, que ha limitado sus operaciones.<br><\/p><figure class=\"wp-block-image size-full\"><img loading=\"lazy\" decoding=\"async\" width=\"650\" height=\"488\" src=\"https:\/\/colombiaopina.com.co\/wp-content\/uploads\/2024\/09\/IMG_5920-1.jpeg\" alt=\"\" class=\"wp-image-8365\" srcset=\"https:\/\/colombiaopina.com.co\/wp-content\/uploads\/2024\/09\/IMG_5920-1.jpeg 650w, https:\/\/colombiaopina.com.co\/wp-content\/uploads\/2024\/09\/IMG_5920-1-300x225.jpeg 300w, https:\/\/colombiaopina.com.co\/wp-content\/uploads\/2024\/09\/IMG_5920-1-150x113.jpeg 150w, https:\/\/colombiaopina.com.co\/wp-content\/uploads\/2024\/09\/IMG_5920-1-265x198.jpeg 265w, https:\/\/colombiaopina.com.co\/wp-content\/uploads\/2024\/09\/IMG_5920-1-600x450.jpeg 600w\" sizes=\"(max-width: 650px) 100vw, 650px\" \/><\/figure><p>El ministro de Hacienda, Ricardo Bonilla, hizo un llamado a los camioneros para establecer corredores humanitarios durante los bloqueos, alegando que la falta de acceso para ambulancias y la acumulaci\u00f3n de basura han generado un problema sanitario y de abastecimiento en el pa\u00eds. A pesar de la petici\u00f3n, los camioneros insistieron en sus demandas, mientras que algunos bloqueos en la Autopista Sur de Bogot\u00e1 fueron levantados como un gesto de buena voluntad.<br><\/p><p>Las propuestas de los camioneros incluyen la presentaci\u00f3n de un proyecto de ley para desvincular el precio del ACPM del precio internacional y fijar un precio nacional. Tambi\u00e9n solicitaron mesas de trabajo para abordar las problem\u00e1ticas en otros sectores del transporte, como el de pasajeros y maquinaria amarilla. A pesar de estos intentos de acercamiento, la falta de consenso sigue marcando la pauta del conflicto, dejando al pa\u00eds en una situaci\u00f3n de incertidumbre y tensi\u00f3n.<\/p>","protected":false},"excerpt":{"rendered":"<p>El conflicto entre el Gobierno y los camioneros contin\u00faa sin resolverse, a pesar de los intensos d\u00edas de negociaciones que han tenido lugar en las \u00faltimas jornadas. El paro camionero, que ha paralizado importantes v\u00edas del pa\u00eds y afectado a cientos de miles de ciudadanos, se mantiene este jueves con una falta de acuerdo entre [&hellip;]<\/p>\n","protected":false},"author":4,"featured_media":8410,"comment_status":"open","ping_status":"open","sticky":false,"template":"","format":"standard","meta":{"tdm_status":"","tdm_grid_status":"","_jetpack_memberships_contains_paid_content":false,"footnotes":""},"categories":[39,46,49,103],"tags":[2346,93,227,135],"class_list":{"0":"post-8408","1":"post","2":"type-post","3":"status-publish","4":"format-standard","5":"has-post-thumbnail","7":"category-colombia","8":"category-gobierno","9":"category-orden-publico","10":"category-petro","11":"tag-camioneros","12":"tag-colombia","13":"tag-gobierno","14":"tag-petro"},"jetpack_sharing_enabled":true,"jetpack_featured_media_url":"https:\/\/colombiaopina.com.co\/wp-content\/uploads\/2024\/09\/IMG_5917.jpeg","amp_enabled":true,"_links":{"self":[{"href":"https:\/\/colombiaopina.com.co\/index.php\/wp-json\/wp\/v2\/posts\/8408"}],"collection":[{"href":"https:\/\/colombiaopina.com.co\/index.php\/wp-json\/wp\/v2\/posts"}],"about":[{"href":"https:\/\/colombiaopina.com.co\/index.php\/wp-json\/wp\/v2\/types\/post"}],"author":[{"embeddable":true,"href":"https:\/\/colombiaopina.com.co\/index.php\/wp-json\/wp\/v2\/users\/4"}],"replies":[{"embeddable":true,"href":"https:\/\/colombiaopina.com.co\/index.php\/wp-json\/wp\/v2\/comments?post=8408"}],"version-history":[{"count":1,"href":"https:\/\/colombiaopina.com.co\/index.php\/wp-json\/wp\/v2\/posts\/8408\/revisions"}],"predecessor-version":[{"id":8411,"href":"https:\/\/colombiaopina.com.co\/index.php\/wp-json\/wp\/v2\/posts\/8408\/revisions\/8411"}],"wp:featuredmedia":[{"embeddable":true,"href":"https:\/\/colombiaopina.com.co\/index.php\/wp-json\/wp\/v2\/media\/8410"}],"wp:attachment":[{"href":"https:\/\/colombiaopina.com.co\/index.php\/wp-json\/wp\/v2\/media?parent=8408"}],"wp:term":[{"taxonomy":"category","embeddable":true,"href":"https:\/\/colombiaopina.com.co\/index.php\/wp-json\/wp\/v2\/categories?post=8408"},{"taxonomy":"post_tag","embeddable":true,"href":"https:\/\/colombiaopina.com.co\/index.php\/wp-json\/wp\/v2\/tags?post=8408"}],"curies":[{"name":"wp","href":"https:\/\/api.w.org\/{rel}","templated":true}]}}