{"id":8387,"date":"2024-09-05T11:36:15","date_gmt":"2024-09-05T16:36:15","guid":{"rendered":"https:\/\/colombiaopina.com.co\/?p=8387"},"modified":"2024-09-05T11:36:17","modified_gmt":"2024-09-05T16:36:17","slug":"abogado-de-edmundo-gonzalez-denuncia-que-fiscalia-venezolana-rechazo-recibir-escrito-en-defensa-del-opositor","status":"publish","type":"post","link":"https:\/\/colombiaopina.com.co\/index.php\/2024\/09\/05\/abogado-de-edmundo-gonzalez-denuncia-que-fiscalia-venezolana-rechazo-recibir-escrito-en-defensa-del-opositor\/","title":{"rendered":"Abogado de Edmundo Gonz\u00e1lez denuncia que fiscal\u00eda venezolana rechaz\u00f3 recibir escrito en defensa del opositor"},"content":{"rendered":"<p>El abogado de Edmundo Gonz\u00e1lez Urrutia, opositor al r\u00e9gimen de Nicol\u00e1s Maduro, ha denunciado que la Fiscal\u00eda venezolana rechaz\u00f3 recibir un escrito legal en defensa de su cliente. Gonz\u00e1lez, de 75 a\u00f1os y en la clandestinidad desde hace un mes, enfrenta cargos que incluyen \u00abdesobediencia de leyes\u00bb, \u00abconspiraci\u00f3n\u00bb, \u00abusurpaci\u00f3n de funciones\u00bb y \u00absabotaje\u00bb.<br><\/p><p>Jos\u00e9 Vicente Haro, abogado de Gonz\u00e1lez, intent\u00f3 presentar el escrito ante la fiscal\u00eda para justificar la ausencia del opositor en tres citaciones, pero el documento fue confiscado sin acuse de recibo. Haro critic\u00f3 la falta de garant\u00edas para la defensa de su cliente y acus\u00f3 a la Fiscal\u00eda de intentar criminalizar actos que considera pol\u00edticos.<br><\/p><p>La solicitud de Gonz\u00e1lez al fiscal general es parte de un esfuerzo por evitar una \u00abpersecuci\u00f3n\u00bb pol\u00edtica en un contexto de creciente tensi\u00f3n en Venezuela, donde la justicia es percibida como alineada con el chavismo. La crisis pol\u00edtica en el pa\u00eds ha generado una fuerte reacci\u00f3n internacional, con Colombia y Brasil expresando su preocupaci\u00f3n por la orden de captura.<br><\/p><figure class=\"wp-block-image size-full\"><img loading=\"lazy\" decoding=\"async\" width=\"480\" height=\"270\" src=\"https:\/\/colombiaopina.com.co\/wp-content\/uploads\/2024\/09\/IMG_5937.webp\" alt=\"\" class=\"wp-image-8382\" srcset=\"https:\/\/colombiaopina.com.co\/wp-content\/uploads\/2024\/09\/IMG_5937.webp 480w, https:\/\/colombiaopina.com.co\/wp-content\/uploads\/2024\/09\/IMG_5937-300x169.webp 300w, https:\/\/colombiaopina.com.co\/wp-content\/uploads\/2024\/09\/IMG_5937-150x84.webp 150w\" sizes=\"(max-width: 480px) 100vw, 480px\" \/><\/figure><p>El presidente brasile\u00f1o Luiz In\u00e1cio Lula da Silva y su hom\u00f3logo colombiano Gustavo Petro tienen previsto reunirse con Maduro para abordar la situaci\u00f3n. Adem\u00e1s, Estados Unidos, la Uni\u00f3n Europea y varios pa\u00edses latinoamericanos han rechazado la orden de captura contra Gonz\u00e1lez.<br><\/p><p>El analista pol\u00edtico Mariano de Alba advirti\u00f3 que las expectativas de mediaci\u00f3n internacional en la crisis venezolana son bajas, se\u00f1alando que el r\u00e9gimen de Maduro podr\u00eda no mostrar disposici\u00f3n para una mediaci\u00f3n en el corto plazo.<\/p>","protected":false},"excerpt":{"rendered":"<p>El abogado de Edmundo Gonz\u00e1lez Urrutia, opositor al r\u00e9gimen de Nicol\u00e1s Maduro, ha denunciado que la Fiscal\u00eda venezolana rechaz\u00f3 recibir un escrito legal en defensa de su cliente. Gonz\u00e1lez, de 75 a\u00f1os y en la clandestinidad desde hace un mes, enfrenta cargos que incluyen \u00abdesobediencia de leyes\u00bb, \u00abconspiraci\u00f3n\u00bb, \u00abusurpaci\u00f3n de funciones\u00bb y \u00absabotaje\u00bb. Jos\u00e9 Vicente [&hellip;]<\/p>\n","protected":false},"author":4,"featured_media":8383,"comment_status":"open","ping_status":"open","sticky":false,"template":"","format":"standard","meta":{"tdm_status":"","tdm_grid_status":"","_jetpack_memberships_contains_paid_content":false,"footnotes":""},"categories":[105,53,86],"tags":[1416,1156,387,583],"class_list":{"0":"post-8387","1":"post","2":"type-post","3":"status-publish","4":"format-standard","5":"has-post-thumbnail","7":"category-fiscalia","8":"category-internacional","9":"category-politica","10":"tag-abogado","11":"tag-edmundo-gonzales","12":"tag-fiscalia","13":"tag-venezuela"},"jetpack_sharing_enabled":true,"jetpack_featured_media_url":"https:\/\/colombiaopina.com.co\/wp-content\/uploads\/2024\/09\/IMG_5938.jpeg","amp_enabled":true,"_links":{"self":[{"href":"https:\/\/colombiaopina.com.co\/index.php\/wp-json\/wp\/v2\/posts\/8387"}],"collection":[{"href":"https:\/\/colombiaopina.com.co\/index.php\/wp-json\/wp\/v2\/posts"}],"about":[{"href":"https:\/\/colombiaopina.com.co\/index.php\/wp-json\/wp\/v2\/types\/post"}],"author":[{"embeddable":true,"href":"https:\/\/colombiaopina.com.co\/index.php\/wp-json\/wp\/v2\/users\/4"}],"replies":[{"embeddable":true,"href":"https:\/\/colombiaopina.com.co\/index.php\/wp-json\/wp\/v2\/comments?post=8387"}],"version-history":[{"count":1,"href":"https:\/\/colombiaopina.com.co\/index.php\/wp-json\/wp\/v2\/posts\/8387\/revisions"}],"predecessor-version":[{"id":8389,"href":"https:\/\/colombiaopina.com.co\/index.php\/wp-json\/wp\/v2\/posts\/8387\/revisions\/8389"}],"wp:featuredmedia":[{"embeddable":true,"href":"https:\/\/colombiaopina.com.co\/index.php\/wp-json\/wp\/v2\/media\/8383"}],"wp:attachment":[{"href":"https:\/\/colombiaopina.com.co\/index.php\/wp-json\/wp\/v2\/media?parent=8387"}],"wp:term":[{"taxonomy":"category","embeddable":true,"href":"https:\/\/colombiaopina.com.co\/index.php\/wp-json\/wp\/v2\/categories?post=8387"},{"taxonomy":"post_tag","embeddable":true,"href":"https:\/\/colombiaopina.com.co\/index.php\/wp-json\/wp\/v2\/tags?post=8387"}],"curies":[{"name":"wp","href":"https:\/\/api.w.org\/{rel}","templated":true}]}}