{"id":8386,"date":"2024-09-05T11:34:09","date_gmt":"2024-09-05T16:34:09","guid":{"rendered":"https:\/\/colombiaopina.com.co\/?p=8386"},"modified":"2024-09-05T11:34:12","modified_gmt":"2024-09-05T16:34:12","slug":"mayra-ramirez-segunda-colombiana-en-la-historia-en-ser-nominada-al-balon-de-oro-femenino","status":"publish","type":"post","link":"https:\/\/colombiaopina.com.co\/index.php\/2024\/09\/05\/mayra-ramirez-segunda-colombiana-en-la-historia-en-ser-nominada-al-balon-de-oro-femenino\/","title":{"rendered":"Mayra Ram\u00edrez, segunda colombiana en la historia en ser nominada al Bal\u00f3n de Oro femenino"},"content":{"rendered":"<p>Mayra Ram\u00edrez, delantera del Chelsea, ha sido nominada al Bal\u00f3n de Oro, un reconocimiento que entrega France Football. Esta es la segunda vez en la historia que una colombiana aparece en la lista de candidatas al galard\u00f3n, que revel\u00f3 el listado de 30 nominadas este mi\u00e9rcoles. La ganadora ser\u00e1 anunciada el 28 de octubre.<br><\/p><p>Ram\u00edrez, quien dej\u00f3 el Levante para unirse al Chelsea por un r\u00e9cord de 450.000 euros en enero, ha tenido una destacada temporada. En el Levante, anot\u00f3 seis goles en siete partidos de Liga y jug\u00f3 un papel crucial en la Champions femenina y la Copa de la Reina. Con el Chelsea, contribuy\u00f3 con tres goles en siete partidos, ayudando al equipo a ganar la liga inglesa y llegar a las semifinales de la Liga de Campeones Femenina.<br><\/p><p>En los Juegos Ol\u00edmpicos de Par\u00eds 2024, Ram\u00edrez tambi\u00e9n fue clave para la Selecci\u00f3n Colombia, que alcanz\u00f3 los cuartos de final. Su gol en el partido contra Espa\u00f1a fue fundamental para la ilusi\u00f3n de pasar a semifinales, aunque el equipo fue eliminado en penales.<br><\/p><figure class=\"wp-block-image size-full\"><img loading=\"lazy\" decoding=\"async\" width=\"650\" height=\"488\" src=\"https:\/\/colombiaopina.com.co\/wp-content\/uploads\/2024\/09\/IMG_5940.jpeg\" alt=\"\" class=\"wp-image-8385\" srcset=\"https:\/\/colombiaopina.com.co\/wp-content\/uploads\/2024\/09\/IMG_5940.jpeg 650w, https:\/\/colombiaopina.com.co\/wp-content\/uploads\/2024\/09\/IMG_5940-300x225.jpeg 300w, https:\/\/colombiaopina.com.co\/wp-content\/uploads\/2024\/09\/IMG_5940-150x113.jpeg 150w, https:\/\/colombiaopina.com.co\/wp-content\/uploads\/2024\/09\/IMG_5940-265x198.jpeg 265w, https:\/\/colombiaopina.com.co\/wp-content\/uploads\/2024\/09\/IMG_5940-600x450.jpeg 600w\" sizes=\"(max-width: 650px) 100vw, 650px\" \/><\/figure><p>Durante la temporada 2023-24, Ram\u00edrez jug\u00f3 33 partidos, marcando 13 goles y proporcionando cuatro asistencias. La nominaci\u00f3n al Bal\u00f3n de Oro llega despu\u00e9s de que Linda Caicedo, la \u00fanica colombiana nominada el a\u00f1o pasado, terminara en novena posici\u00f3n.<br><\/p><p>La lista de nominadas al Bal\u00f3n de Oro incluye tambi\u00e9n a destacadas jugadoras como Mariona Caldentey, Alexia Putellas, y Aitana Bonmat\u00ed, y al entrenador Jonatan Gir\u00e1ldez, quien compite por el t\u00edtulo de mejor entrenador con otros reconocidos nombres del f\u00fatbol femenino.<\/p>","protected":false},"excerpt":{"rendered":"<p>Mayra Ram\u00edrez, delantera del Chelsea, ha sido nominada al Bal\u00f3n de Oro, un reconocimiento que entrega France Football. Esta es la segunda vez en la historia que una colombiana aparece en la lista de candidatas al galard\u00f3n, que revel\u00f3 el listado de 30 nominadas este mi\u00e9rcoles. La ganadora ser\u00e1 anunciada el 28 de octubre. Ram\u00edrez, [&hellip;]<\/p>\n","protected":false},"author":4,"featured_media":8384,"comment_status":"open","ping_status":"open","sticky":false,"template":"","format":"standard","meta":{"tdm_status":"","tdm_grid_status":"","_jetpack_memberships_contains_paid_content":false,"footnotes":""},"categories":[39,47,48],"tags":[2340,93,2339],"class_list":{"0":"post-8386","1":"post","2":"type-post","3":"status-publish","4":"format-standard","5":"has-post-thumbnail","7":"category-colombia","8":"category-deportes","9":"category-futbol","10":"tag-balon-de-oro","11":"tag-colombia","12":"tag-mayra-ramirez"},"jetpack_sharing_enabled":true,"jetpack_featured_media_url":"https:\/\/colombiaopina.com.co\/wp-content\/uploads\/2024\/09\/IMG_5939.jpeg","amp_enabled":true,"_links":{"self":[{"href":"https:\/\/colombiaopina.com.co\/index.php\/wp-json\/wp\/v2\/posts\/8386"}],"collection":[{"href":"https:\/\/colombiaopina.com.co\/index.php\/wp-json\/wp\/v2\/posts"}],"about":[{"href":"https:\/\/colombiaopina.com.co\/index.php\/wp-json\/wp\/v2\/types\/post"}],"author":[{"embeddable":true,"href":"https:\/\/colombiaopina.com.co\/index.php\/wp-json\/wp\/v2\/users\/4"}],"replies":[{"embeddable":true,"href":"https:\/\/colombiaopina.com.co\/index.php\/wp-json\/wp\/v2\/comments?post=8386"}],"version-history":[{"count":1,"href":"https:\/\/colombiaopina.com.co\/index.php\/wp-json\/wp\/v2\/posts\/8386\/revisions"}],"predecessor-version":[{"id":8388,"href":"https:\/\/colombiaopina.com.co\/index.php\/wp-json\/wp\/v2\/posts\/8386\/revisions\/8388"}],"wp:featuredmedia":[{"embeddable":true,"href":"https:\/\/colombiaopina.com.co\/index.php\/wp-json\/wp\/v2\/media\/8384"}],"wp:attachment":[{"href":"https:\/\/colombiaopina.com.co\/index.php\/wp-json\/wp\/v2\/media?parent=8386"}],"wp:term":[{"taxonomy":"category","embeddable":true,"href":"https:\/\/colombiaopina.com.co\/index.php\/wp-json\/wp\/v2\/categories?post=8386"},{"taxonomy":"post_tag","embeddable":true,"href":"https:\/\/colombiaopina.com.co\/index.php\/wp-json\/wp\/v2\/tags?post=8386"}],"curies":[{"name":"wp","href":"https:\/\/api.w.org\/{rel}","templated":true}]}}