{"id":8291,"date":"2024-09-03T10:16:50","date_gmt":"2024-09-03T15:16:50","guid":{"rendered":"https:\/\/colombiaopina.com.co\/?p=8291"},"modified":"2024-09-03T10:16:57","modified_gmt":"2024-09-03T15:16:57","slug":"la-vaca-por-las-vias-sigue-firme-y-va-hasta-diciembre-gobernador-de-antioquia","status":"publish","type":"post","link":"https:\/\/colombiaopina.com.co\/index.php\/2024\/09\/03\/la-vaca-por-las-vias-sigue-firme-y-va-hasta-diciembre-gobernador-de-antioquia\/","title":{"rendered":"La vaca por las v\u00edas sigue firme y va hasta diciembre\u00bb: Gobernador de Antioquia"},"content":{"rendered":"<p>El gobernador de Antioquia, Andr\u00e9s Juli\u00e1n Rend\u00f3n, ha reafirmado el compromiso con &#8216;la vaca&#8217; por las v\u00edas del departamento, que hasta la fecha ha recaudado m\u00e1s de 5.500 millones de pesos. A pesar de las cr\u00edticas recibidas, Rend\u00f3n asegur\u00f3 que la iniciativa continuar\u00e1 hasta diciembre de este a\u00f1o.<br><\/p><p>\u00abLa vaca\u00bb ha logrado acumular aproximadamente 15.111 transacciones de ciudadanos de 43 pa\u00edses, incluyendo Estados Unidos, Canad\u00e1, M\u00e9xico, Panam\u00e1, Australia, Chile, Argentina, Brasil y Colombia. Estos aportes buscan financiar obras significativas, como los tramos del T\u00fanel del Toyo, que requieren la intervenci\u00f3n del gobierno nacional para su finalizaci\u00f3n.<br><\/p><figure class=\"wp-block-image size-large\"><img loading=\"lazy\" decoding=\"async\" width=\"1024\" height=\"576\" src=\"https:\/\/colombiaopina.com.co\/wp-content\/uploads\/2024\/09\/IMG_5840-1024x576.webp\" alt=\"\" class=\"wp-image-8262\" srcset=\"https:\/\/colombiaopina.com.co\/wp-content\/uploads\/2024\/09\/IMG_5840-1024x576.webp 1024w, https:\/\/colombiaopina.com.co\/wp-content\/uploads\/2024\/09\/IMG_5840-300x169.webp 300w, https:\/\/colombiaopina.com.co\/wp-content\/uploads\/2024\/09\/IMG_5840-768x432.webp 768w, https:\/\/colombiaopina.com.co\/wp-content\/uploads\/2024\/09\/IMG_5840-150x84.webp 150w, https:\/\/colombiaopina.com.co\/wp-content\/uploads\/2024\/09\/IMG_5840-696x392.webp 696w, https:\/\/colombiaopina.com.co\/wp-content\/uploads\/2024\/09\/IMG_5840-1068x601.webp 1068w, https:\/\/colombiaopina.com.co\/wp-content\/uploads\/2024\/09\/IMG_5840-600x338.webp 600w, https:\/\/colombiaopina.com.co\/wp-content\/uploads\/2024\/09\/IMG_5840.webp 1280w\" sizes=\"(max-width: 1024px) 100vw, 1024px\" \/><\/figure><p>El gobernador destac\u00f3 que la solidaridad de la comunidad es fundamental para el \u00e9xito de esta iniciativa y que se espera una respuesta positiva del Gobierno Nacional para que el departamento pueda invertir en las obras de infraestructura, como el T\u00fanel del Toyo &#8211; V\u00eda al Mar, que conectar\u00e1 con el mar de Urab\u00e1.<br><\/p><p>\u00abLa causa seguir\u00e1 vigente mientras esperamos que el Gobierno Nacional permita que la Gobernaci\u00f3n de Antioquia pueda proceder con las obras a cargo de la Naci\u00f3n\u00bb, coment\u00f3 Rend\u00f3n.<\/p>","protected":false},"excerpt":{"rendered":"<p>El gobernador de Antioquia, Andr\u00e9s Juli\u00e1n Rend\u00f3n, ha reafirmado el compromiso con &#8216;la vaca&#8217; por las v\u00edas del departamento, que hasta la fecha ha recaudado m\u00e1s de 5.500 millones de pesos. A pesar de las cr\u00edticas recibidas, Rend\u00f3n asegur\u00f3 que la iniciativa continuar\u00e1 hasta diciembre de este a\u00f1o. \u00abLa vaca\u00bb ha logrado acumular aproximadamente 15.111 [&hellip;]<\/p>\n","protected":false},"author":4,"featured_media":8261,"comment_status":"open","ping_status":"open","sticky":false,"template":"","format":"standard","meta":{"tdm_status":"","tdm_grid_status":"","_jetpack_memberships_contains_paid_content":false,"footnotes":""},"categories":[38,151,85,57,84,86],"tags":[282,2327,845,324],"class_list":{"0":"post-8291","1":"post","2":"type-post","3":"status-publish","4":"format-standard","5":"has-post-thumbnail","7":"category-antioquia","8":"category-gobernador","9":"category-infraestructura","10":"category-movilidad","11":"category-obras","12":"category-politica","13":"tag-antioquia","14":"tag-diciembre","15":"tag-vaca","16":"tag-vias"},"jetpack_sharing_enabled":true,"jetpack_featured_media_url":"https:\/\/colombiaopina.com.co\/wp-content\/uploads\/2024\/09\/IMG_5839.jpeg","amp_enabled":true,"_links":{"self":[{"href":"https:\/\/colombiaopina.com.co\/index.php\/wp-json\/wp\/v2\/posts\/8291"}],"collection":[{"href":"https:\/\/colombiaopina.com.co\/index.php\/wp-json\/wp\/v2\/posts"}],"about":[{"href":"https:\/\/colombiaopina.com.co\/index.php\/wp-json\/wp\/v2\/types\/post"}],"author":[{"embeddable":true,"href":"https:\/\/colombiaopina.com.co\/index.php\/wp-json\/wp\/v2\/users\/4"}],"replies":[{"embeddable":true,"href":"https:\/\/colombiaopina.com.co\/index.php\/wp-json\/wp\/v2\/comments?post=8291"}],"version-history":[{"count":1,"href":"https:\/\/colombiaopina.com.co\/index.php\/wp-json\/wp\/v2\/posts\/8291\/revisions"}],"predecessor-version":[{"id":8292,"href":"https:\/\/colombiaopina.com.co\/index.php\/wp-json\/wp\/v2\/posts\/8291\/revisions\/8292"}],"wp:featuredmedia":[{"embeddable":true,"href":"https:\/\/colombiaopina.com.co\/index.php\/wp-json\/wp\/v2\/media\/8261"}],"wp:attachment":[{"href":"https:\/\/colombiaopina.com.co\/index.php\/wp-json\/wp\/v2\/media?parent=8291"}],"wp:term":[{"taxonomy":"category","embeddable":true,"href":"https:\/\/colombiaopina.com.co\/index.php\/wp-json\/wp\/v2\/categories?post=8291"},{"taxonomy":"post_tag","embeddable":true,"href":"https:\/\/colombiaopina.com.co\/index.php\/wp-json\/wp\/v2\/tags?post=8291"}],"curies":[{"name":"wp","href":"https:\/\/api.w.org\/{rel}","templated":true}]}}