{"id":8058,"date":"2024-08-28T10:34:00","date_gmt":"2024-08-28T15:34:00","guid":{"rendered":"https:\/\/colombiaopina.com.co\/?p=8058"},"modified":"2024-08-28T10:34:02","modified_gmt":"2024-08-28T15:34:02","slug":"piden-condenar-por-narcotrafico-al-embajador-de-colombia-en-nicaragua-leon-fredy-munoz-asi-se-defendio-el-diplomatico-ante-la-corte-suprema","status":"publish","type":"post","link":"https:\/\/colombiaopina.com.co\/index.php\/2024\/08\/28\/piden-condenar-por-narcotrafico-al-embajador-de-colombia-en-nicaragua-leon-fredy-munoz-asi-se-defendio-el-diplomatico-ante-la-corte-suprema\/","title":{"rendered":"Piden condenar por narcotr\u00e1fico al embajador de Colombia en Nicaragua, Le\u00f3n Fredy Mu\u00f1oz: as\u00ed se defendi\u00f3 el diplom\u00e1tico ante la Corte Suprema"},"content":{"rendered":"<p>La fiscal primera delegada ante la Corte Suprema de Justicia, Marlenne Orjuela Rodr\u00edguez, solicit\u00f3 la condena del embajador de Colombia en Nicaragua, Le\u00f3n Fredy Mu\u00f1oz, por el delito de narcotr\u00e1fico. Mu\u00f1oz, quien anteriormente fue representante a la C\u00e1mara, fue detenido en el aeropuerto Jos\u00e9 Mar\u00eda C\u00f3rdova de Medell\u00edn en 2018 con 146 gramos de coca\u00edna en su equipaje de mano, a lo que luego se sumaron otros 200 gramos hallados en su maleta.<br><\/p><p>El embajador, quien se desempe\u00f1aba en el cargo bajo el gobierno de Gustavo Petro, se defendi\u00f3 ante la Corte Suprema, argumentando que todo fue un montaje pol\u00edtico orquestado por sus rivales, la familia Su\u00e1rez Mira, con quienes tuvo enfrentamientos electorales en Bello, Antioquia, durante su tiempo como concejal.<br><\/p><p>Mu\u00f1oz sostuvo que la droga le fue implantada y que su detenci\u00f3n estaba premeditada, ya que solo a \u00e9l lo requisaron y sab\u00edan de antemano su identidad. Su abogado, Alejandro S\u00e1nchez, reforz\u00f3 esta tesis, se\u00f1alando que la intenci\u00f3n era \u00abencochinarlo\u00bb pol\u00edticamente.<br><\/p><figure class=\"wp-block-image size-full\"><img loading=\"lazy\" decoding=\"async\" width=\"414\" height=\"276\" src=\"https:\/\/colombiaopina.com.co\/wp-content\/uploads\/2024\/08\/IMG_5621.jpeg\" alt=\"\" class=\"wp-image-8020\" srcset=\"https:\/\/colombiaopina.com.co\/wp-content\/uploads\/2024\/08\/IMG_5621.jpeg 414w, https:\/\/colombiaopina.com.co\/wp-content\/uploads\/2024\/08\/IMG_5621-300x200.jpeg 300w, https:\/\/colombiaopina.com.co\/wp-content\/uploads\/2024\/08\/IMG_5621-150x100.jpeg 150w\" sizes=\"(max-width: 414px) 100vw, 414px\" \/><\/figure><p>Sin embargo, la fiscal\u00eda desestim\u00f3 estas afirmaciones, argumentando que no existe evidencia que respalde el supuesto montaje y que la cantidad de droga y su camuflaje indican una intenci\u00f3n de distribuirla. Por ello, se pidi\u00f3 una condena que podr\u00eda oscilar entre 108 y 132 meses de prisi\u00f3n, adem\u00e1s de una multa considerable.<br><\/p><p>Mu\u00f1oz, por su parte, mantuvo su inocencia y reiter\u00f3 que no es consumidor de coca\u00edna, afirmando que la sustancia le fue implantada como parte de una venganza pol\u00edtica. La Corte Suprema de Justicia se encuentra en la recta final del juicio, que podr\u00eda definir el destino del diplom\u00e1tico en los pr\u00f3ximos d\u00edas.<\/p>","protected":false},"excerpt":{"rendered":"<p>La fiscal primera delegada ante la Corte Suprema de Justicia, Marlenne Orjuela Rodr\u00edguez, solicit\u00f3 la condena del embajador de Colombia en Nicaragua, Le\u00f3n Fredy Mu\u00f1oz, por el delito de narcotr\u00e1fico. Mu\u00f1oz, quien anteriormente fue representante a la C\u00e1mara, fue detenido en el aeropuerto Jos\u00e9 Mar\u00eda C\u00f3rdova de Medell\u00edn en 2018 con 146 gramos de coca\u00edna [&hellip;]<\/p>\n","protected":false},"author":4,"featured_media":8021,"comment_status":"open","ping_status":"open","sticky":false,"template":"","format":"standard","meta":{"tdm_status":"","tdm_grid_status":"","_jetpack_memberships_contains_paid_content":false,"footnotes":""},"categories":[39,46,50,86],"tags":[93,1871,552,227,2273,2274,2057],"class_list":{"0":"post-8058","1":"post","2":"type-post","3":"status-publish","4":"format-standard","5":"has-post-thumbnail","7":"category-colombia","8":"category-gobierno","9":"category-opinion","10":"category-politica","11":"tag-colombia","12":"tag-corte-suprema","13":"tag-embajada","14":"tag-gobierno","15":"tag-leon-fredy-munoz","16":"tag-narcotrafico","17":"tag-nicaragua"},"jetpack_sharing_enabled":true,"jetpack_featured_media_url":"https:\/\/colombiaopina.com.co\/wp-content\/uploads\/2024\/08\/IMG_5622.jpeg","amp_enabled":true,"_links":{"self":[{"href":"https:\/\/colombiaopina.com.co\/index.php\/wp-json\/wp\/v2\/posts\/8058"}],"collection":[{"href":"https:\/\/colombiaopina.com.co\/index.php\/wp-json\/wp\/v2\/posts"}],"about":[{"href":"https:\/\/colombiaopina.com.co\/index.php\/wp-json\/wp\/v2\/types\/post"}],"author":[{"embeddable":true,"href":"https:\/\/colombiaopina.com.co\/index.php\/wp-json\/wp\/v2\/users\/4"}],"replies":[{"embeddable":true,"href":"https:\/\/colombiaopina.com.co\/index.php\/wp-json\/wp\/v2\/comments?post=8058"}],"version-history":[{"count":1,"href":"https:\/\/colombiaopina.com.co\/index.php\/wp-json\/wp\/v2\/posts\/8058\/revisions"}],"predecessor-version":[{"id":8059,"href":"https:\/\/colombiaopina.com.co\/index.php\/wp-json\/wp\/v2\/posts\/8058\/revisions\/8059"}],"wp:featuredmedia":[{"embeddable":true,"href":"https:\/\/colombiaopina.com.co\/index.php\/wp-json\/wp\/v2\/media\/8021"}],"wp:attachment":[{"href":"https:\/\/colombiaopina.com.co\/index.php\/wp-json\/wp\/v2\/media?parent=8058"}],"wp:term":[{"taxonomy":"category","embeddable":true,"href":"https:\/\/colombiaopina.com.co\/index.php\/wp-json\/wp\/v2\/categories?post=8058"},{"taxonomy":"post_tag","embeddable":true,"href":"https:\/\/colombiaopina.com.co\/index.php\/wp-json\/wp\/v2\/tags?post=8058"}],"curies":[{"name":"wp","href":"https:\/\/api.w.org\/{rel}","templated":true}]}}