{"id":7997,"date":"2024-08-27T10:59:08","date_gmt":"2024-08-27T15:59:08","guid":{"rendered":"https:\/\/colombiaopina.com.co\/?p=7997"},"modified":"2024-08-27T10:59:10","modified_gmt":"2024-08-27T15:59:10","slug":"marihuana-colombiana-se-exportara-legalmente-a-mas-de-12-paises-el-presidente-petro-pidio-la-legalizacion-del-cannabis","status":"publish","type":"post","link":"https:\/\/colombiaopina.com.co\/index.php\/2024\/08\/27\/marihuana-colombiana-se-exportara-legalmente-a-mas-de-12-paises-el-presidente-petro-pidio-la-legalizacion-del-cannabis\/","title":{"rendered":"Marihuana colombiana se exportar\u00e1 legalmente a m\u00e1s de 12 pa\u00edses: el presidente Petro pidi\u00f3 la legalizaci\u00f3n del cannabis"},"content":{"rendered":"<p>Colombia ha consolidado su posici\u00f3n como l\u00edder en la exportaci\u00f3n de cannabis, a\u00f1adiendo a Macedonia del Norte a su lista de m\u00e1s de 12 pa\u00edses importadores. La reciente exportaci\u00f3n desde Antioquia marca un hito en el comercio internacional de cannabis y resalta la expansi\u00f3n del mercado colombiano.<br><\/p><p>El presidente Gustavo Petro inst\u00f3 al Congreso a legalizar el cannabis, argumentando que esta medida podr\u00eda mejorar la balanza comercial del pa\u00eds. La reciente exportaci\u00f3n de 180 pl\u00e1ntulas de cannabis sativa desde La Ceja, Antioquia, certificadas por el Instituto Colombiano Agropecuario (ICA), destaca el compromiso de Colombia con la calidad y el cumplimiento de los requisitos fitosanitarios internacionales.<br><\/p><p>Esta expansi\u00f3n internacional, que incluye a pa\u00edses de la Uni\u00f3n Europea y Am\u00e9rica Latina, posiciona a Colombia como un actor clave en el mercado global del cannabis. El presidente Petro subray\u00f3 que la legalizaci\u00f3n podr\u00eda representar un avance econ\u00f3mico significativo, generando nuevas oportunidades para los productores locales y fortaleciendo la econom\u00eda del pa\u00eds.<br><\/p><figure class=\"wp-block-image size-full\"><img loading=\"lazy\" decoding=\"async\" width=\"800\" height=\"455\" src=\"https:\/\/colombiaopina.com.co\/wp-content\/uploads\/2024\/08\/IMG_5575.jpeg\" alt=\"\" class=\"wp-image-7976\" srcset=\"https:\/\/colombiaopina.com.co\/wp-content\/uploads\/2024\/08\/IMG_5575.jpeg 800w, https:\/\/colombiaopina.com.co\/wp-content\/uploads\/2024\/08\/IMG_5575-300x171.jpeg 300w, https:\/\/colombiaopina.com.co\/wp-content\/uploads\/2024\/08\/IMG_5575-768x437.jpeg 768w, https:\/\/colombiaopina.com.co\/wp-content\/uploads\/2024\/08\/IMG_5575-150x85.jpeg 150w, https:\/\/colombiaopina.com.co\/wp-content\/uploads\/2024\/08\/IMG_5575-696x396.jpeg 696w, https:\/\/colombiaopina.com.co\/wp-content\/uploads\/2024\/08\/IMG_5575-600x341.jpeg 600w\" sizes=\"(max-width: 800px) 100vw, 800px\" \/><\/figure><p>Richmond Seeds S.A.S., la empresa detr\u00e1s de la exportaci\u00f3n a Macedonia del Norte, ha estado trabajando durante seis a\u00f1os en la producci\u00f3n de cannabis en La Ceja, con el objetivo de alcanzar admisibilidad internacional para fines medicinales y cient\u00edficos. Esta es la segunda exportaci\u00f3n de este tipo desde Antioquia, y el gerente general del ICA, Juan Fernando Roa Ortiz, destac\u00f3 el impacto econ\u00f3mico y social de la industria del cannabis en Colombia.<br><\/p><p>Con el respaldo del gobierno, Colombia sigue avanzando en el mercado global del cannabis, abriendo nuevas oportunidades de exportaci\u00f3n y contribuyendo al desarrollo econ\u00f3mico del pa\u00eds.<\/p>","protected":false},"excerpt":{"rendered":"<p>Colombia ha consolidado su posici\u00f3n como l\u00edder en la exportaci\u00f3n de cannabis, a\u00f1adiendo a Macedonia del Norte a su lista de m\u00e1s de 12 pa\u00edses importadores. La reciente exportaci\u00f3n desde Antioquia marca un hito en el comercio internacional de cannabis y resalta la expansi\u00f3n del mercado colombiano. El presidente Gustavo Petro inst\u00f3 al Congreso a [&hellip;]<\/p>\n","protected":false},"author":4,"featured_media":7977,"comment_status":"open","ping_status":"open","sticky":false,"template":"","format":"standard","meta":{"tdm_status":"","tdm_grid_status":"","_jetpack_memberships_contains_paid_content":false,"footnotes":""},"categories":[39,89,46,53,103,86],"tags":[93,1085,227,2188,135],"class_list":{"0":"post-7997","1":"post","2":"type-post","3":"status-publish","4":"format-standard","5":"has-post-thumbnail","7":"category-colombia","8":"category-economia","9":"category-gobierno","10":"category-internacional","11":"category-petro","12":"category-politica","13":"tag-colombia","14":"tag-exportacion","15":"tag-gobierno","16":"tag-marihuana","17":"tag-petro"},"jetpack_sharing_enabled":true,"jetpack_featured_media_url":"https:\/\/colombiaopina.com.co\/wp-content\/uploads\/2024\/08\/IMG_5576.jpeg","amp_enabled":true,"_links":{"self":[{"href":"https:\/\/colombiaopina.com.co\/index.php\/wp-json\/wp\/v2\/posts\/7997"}],"collection":[{"href":"https:\/\/colombiaopina.com.co\/index.php\/wp-json\/wp\/v2\/posts"}],"about":[{"href":"https:\/\/colombiaopina.com.co\/index.php\/wp-json\/wp\/v2\/types\/post"}],"author":[{"embeddable":true,"href":"https:\/\/colombiaopina.com.co\/index.php\/wp-json\/wp\/v2\/users\/4"}],"replies":[{"embeddable":true,"href":"https:\/\/colombiaopina.com.co\/index.php\/wp-json\/wp\/v2\/comments?post=7997"}],"version-history":[{"count":1,"href":"https:\/\/colombiaopina.com.co\/index.php\/wp-json\/wp\/v2\/posts\/7997\/revisions"}],"predecessor-version":[{"id":7998,"href":"https:\/\/colombiaopina.com.co\/index.php\/wp-json\/wp\/v2\/posts\/7997\/revisions\/7998"}],"wp:featuredmedia":[{"embeddable":true,"href":"https:\/\/colombiaopina.com.co\/index.php\/wp-json\/wp\/v2\/media\/7977"}],"wp:attachment":[{"href":"https:\/\/colombiaopina.com.co\/index.php\/wp-json\/wp\/v2\/media?parent=7997"}],"wp:term":[{"taxonomy":"category","embeddable":true,"href":"https:\/\/colombiaopina.com.co\/index.php\/wp-json\/wp\/v2\/categories?post=7997"},{"taxonomy":"post_tag","embeddable":true,"href":"https:\/\/colombiaopina.com.co\/index.php\/wp-json\/wp\/v2\/tags?post=7997"}],"curies":[{"name":"wp","href":"https:\/\/api.w.org\/{rel}","templated":true}]}}