{"id":7956,"date":"2024-08-26T12:03:51","date_gmt":"2024-08-26T17:03:51","guid":{"rendered":"https:\/\/colombiaopina.com.co\/?p=7956"},"modified":"2024-08-26T12:03:53","modified_gmt":"2024-08-26T17:03:53","slug":"tragedia-en-medellin-la-imprudencia-de-los-piques-ilegales-cobra-la-vida-de-un-ciclista","status":"publish","type":"post","link":"https:\/\/colombiaopina.com.co\/index.php\/2024\/08\/26\/tragedia-en-medellin-la-imprudencia-de-los-piques-ilegales-cobra-la-vida-de-un-ciclista\/","title":{"rendered":"Tragedia en Medell\u00edn: la imprudencia de los piques ilegales cobra la vida de un ciclista"},"content":{"rendered":"<p>Un hombre de 65 a\u00f1os perdi\u00f3 la vida el pasado s\u00e1bado 24 de agosto en el barrio Aranjuez, al nororiente de Medell\u00edn, tras ser atropellado por un motociclista que presuntamente participaba en piques ilegales. El incidente ocurri\u00f3 alrededor de las 8:30 p.m., seg\u00fan el informe de la Secretar\u00eda de Movilidad, generando gran conmoci\u00f3n entre los residentes de la zona.<br><\/p><p>El motociclista involucrado en el fatal accidente no contaba con licencia de conducci\u00f3n, lo que agrava la situaci\u00f3n en t\u00e9rminos de responsabilidad vial. Testigos del hecho afirman que el conductor estaba participando en una carrera ilegal, una pr\u00e1ctica que sigue siendo un flagelo para la seguridad en las calles de Medell\u00edn. La comunidad reaccion\u00f3 violentamente contra el motociclista, lo que llev\u00f3 a una intervenci\u00f3n r\u00e1pida de las autoridades para evitar un linchamiento.<br><\/p><figure class=\"wp-block-image size-full\"><img loading=\"lazy\" decoding=\"async\" width=\"394\" height=\"212\" src=\"https:\/\/colombiaopina.com.co\/wp-content\/uploads\/2024\/08\/IMG_5540.webp\" alt=\"\" class=\"wp-image-7933\" srcset=\"https:\/\/colombiaopina.com.co\/wp-content\/uploads\/2024\/08\/IMG_5540.webp 394w, https:\/\/colombiaopina.com.co\/wp-content\/uploads\/2024\/08\/IMG_5540-300x161.webp 300w, https:\/\/colombiaopina.com.co\/wp-content\/uploads\/2024\/08\/IMG_5540-150x81.webp 150w\" sizes=\"(max-width: 394px) 100vw, 394px\" \/><\/figure><p>Este no es un caso aislado. Seg\u00fan datos de la Secretar\u00eda de Movilidad, solo el pasado viernes 23 de agosto se realizaron operativos en la Avenida Las Palmas, dejando un saldo preocupante: 42 comparendos impuestos a motociclistas, siete de los cuales terminaron con la inmovilizaci\u00f3n de sus veh\u00edculos. Estos piques ilegales no solo son una amenaza constante para los transe\u00fantes y ciclistas, sino que tambi\u00e9n ponen en riesgo la vida de los mismos participantes.<br><\/p><p>Las autoridades de Medell\u00edn han intensificado los operativos para combatir esta problem\u00e1tica, pero la realidad es que la ciudad sigue siendo testigo de tragedias como esta. El llamado es a reforzar la educaci\u00f3n y control vial, para evitar que m\u00e1s familias sufran las consecuencias de estas pr\u00e1cticas irresponsables.<\/p>","protected":false},"excerpt":{"rendered":"<p>Un hombre de 65 a\u00f1os perdi\u00f3 la vida el pasado s\u00e1bado 24 de agosto en el barrio Aranjuez, al nororiente de Medell\u00edn, tras ser atropellado por un motociclista que presuntamente participaba en piques ilegales. El incidente ocurri\u00f3 alrededor de las 8:30 p.m., seg\u00fan el informe de la Secretar\u00eda de Movilidad, generando gran conmoci\u00f3n entre los [&hellip;]<\/p>\n","protected":false},"author":4,"featured_media":7932,"comment_status":"open","ping_status":"open","sticky":false,"template":"","format":"standard","meta":{"tdm_status":"","tdm_grid_status":"","_jetpack_memberships_contains_paid_content":false,"footnotes":""},"categories":[118,54,57,49],"tags":[2257,62,127,2256],"class_list":{"0":"post-7956","1":"post","2":"type-post","3":"status-publish","4":"format-standard","5":"has-post-thumbnail","7":"category-asesinato","8":"category-medellin","9":"category-movilidad","10":"category-orden-publico","11":"tag-ciclista","12":"tag-medellin","13":"tag-orden-publico","14":"tag-piques"},"jetpack_sharing_enabled":true,"jetpack_featured_media_url":"https:\/\/colombiaopina.com.co\/wp-content\/uploads\/2024\/08\/IMG_5539.jpeg","amp_enabled":true,"_links":{"self":[{"href":"https:\/\/colombiaopina.com.co\/index.php\/wp-json\/wp\/v2\/posts\/7956"}],"collection":[{"href":"https:\/\/colombiaopina.com.co\/index.php\/wp-json\/wp\/v2\/posts"}],"about":[{"href":"https:\/\/colombiaopina.com.co\/index.php\/wp-json\/wp\/v2\/types\/post"}],"author":[{"embeddable":true,"href":"https:\/\/colombiaopina.com.co\/index.php\/wp-json\/wp\/v2\/users\/4"}],"replies":[{"embeddable":true,"href":"https:\/\/colombiaopina.com.co\/index.php\/wp-json\/wp\/v2\/comments?post=7956"}],"version-history":[{"count":1,"href":"https:\/\/colombiaopina.com.co\/index.php\/wp-json\/wp\/v2\/posts\/7956\/revisions"}],"predecessor-version":[{"id":7957,"href":"https:\/\/colombiaopina.com.co\/index.php\/wp-json\/wp\/v2\/posts\/7956\/revisions\/7957"}],"wp:featuredmedia":[{"embeddable":true,"href":"https:\/\/colombiaopina.com.co\/index.php\/wp-json\/wp\/v2\/media\/7932"}],"wp:attachment":[{"href":"https:\/\/colombiaopina.com.co\/index.php\/wp-json\/wp\/v2\/media?parent=7956"}],"wp:term":[{"taxonomy":"category","embeddable":true,"href":"https:\/\/colombiaopina.com.co\/index.php\/wp-json\/wp\/v2\/categories?post=7956"},{"taxonomy":"post_tag","embeddable":true,"href":"https:\/\/colombiaopina.com.co\/index.php\/wp-json\/wp\/v2\/tags?post=7956"}],"curies":[{"name":"wp","href":"https:\/\/api.w.org\/{rel}","templated":true}]}}