{"id":7900,"date":"2024-08-23T14:50:09","date_gmt":"2024-08-23T19:50:09","guid":{"rendered":"https:\/\/colombiaopina.com.co\/?p=7900"},"modified":"2024-08-23T14:50:11","modified_gmt":"2024-08-23T19:50:11","slug":"mintrabajo-investiga-incidente-con-bailarina-en-andres-carne-de-res-posibles-sanciones-a-la-vista","status":"publish","type":"post","link":"https:\/\/colombiaopina.com.co\/index.php\/2024\/08\/23\/mintrabajo-investiga-incidente-con-bailarina-en-andres-carne-de-res-posibles-sanciones-a-la-vista\/","title":{"rendered":"MinTrabajo investiga incidente con bailarina en &#8216;Andr\u00e9s Carne de Res&#8217;: posibles sanciones a la vista"},"content":{"rendered":"<p>La ministra de Trabajo, Glor\u00eda In\u00e9s Ram\u00edrez, anunci\u00f3 que el Ministerio est\u00e1 investigando el grave incidente ocurrido el 17 de agosto en el restaurante &#8216;Andr\u00e9s Carne de Res&#8217; en Ch\u00eda, Cundinamarca. La bailarina Laura Villamil Leguizam\u00f3n sufri\u00f3 quemaduras severas durante un espect\u00e1culo, y el Ministerio de Trabajo est\u00e1 evaluando si se impondr\u00e1n sanciones.<br><\/p><p>La ministra Ram\u00edrez indic\u00f3 que se est\u00e1 garantizando la atenci\u00f3n m\u00e9dica adecuada para la bailarina, quien actualmente se encuentra en cuidados intensivos. El Ministerio de Trabajo est\u00e1 realizando una inspecci\u00f3n en el lugar del incidente para determinar si se cumplieron las normativas de seguridad laboral. \u00abEs fundamental hacer conciencia sobre los riesgos laborales y garantizar la protecci\u00f3n de los trabajadores,\u00bb afirm\u00f3 Ram\u00edrez.<br><\/p><figure class=\"wp-block-image size-full\"><img loading=\"lazy\" decoding=\"async\" width=\"652\" height=\"366\" src=\"https:\/\/colombiaopina.com.co\/wp-content\/uploads\/2024\/08\/IMG_5449.jpeg\" alt=\"\" class=\"wp-image-7879\" srcset=\"https:\/\/colombiaopina.com.co\/wp-content\/uploads\/2024\/08\/IMG_5449.jpeg 652w, https:\/\/colombiaopina.com.co\/wp-content\/uploads\/2024\/08\/IMG_5449-300x168.jpeg 300w, https:\/\/colombiaopina.com.co\/wp-content\/uploads\/2024\/08\/IMG_5449-150x84.jpeg 150w, https:\/\/colombiaopina.com.co\/wp-content\/uploads\/2024\/08\/IMG_5449-600x337.jpeg 600w\" sizes=\"(max-width: 652px) 100vw, 652px\" \/><\/figure><p>Adem\u00e1s, un equipo de vigilancia y control est\u00e1 recopilando informaci\u00f3n de todas las partes involucradas para evaluar las condiciones en las que ocurri\u00f3 el accidente. La ministra destac\u00f3 que si se determina que hubo negligencia o falta de cumplimiento de las normativas, se tomar\u00e1n las medidas necesarias, incluidas posibles sanciones.<br><\/p><p>Santiago Villamil, hermano de la bailarina, relat\u00f3 que la familia fue informada del accidente la noche del 17 de agosto. Al llegar al hospital, se enteraron de que Laura hab\u00eda sufrido quemaduras de primer y segundo grado en el 80% de su cuerpo, especialmente en sus genitales y la parte inferior de la espalda. La investigaci\u00f3n del Ministerio de Trabajo contin\u00faa para asegurar que se tomen las medidas adecuadas y se evite la repetici\u00f3n de incidentes similares.<\/p>","protected":false},"excerpt":{"rendered":"<p>La ministra de Trabajo, Glor\u00eda In\u00e9s Ram\u00edrez, anunci\u00f3 que el Ministerio est\u00e1 investigando el grave incidente ocurrido el 17 de agosto en el restaurante &#8216;Andr\u00e9s Carne de Res&#8217; en Ch\u00eda, Cundinamarca. La bailarina Laura Villamil Leguizam\u00f3n sufri\u00f3 quemaduras severas durante un espect\u00e1culo, y el Ministerio de Trabajo est\u00e1 evaluando si se impondr\u00e1n sanciones. La ministra [&hellip;]<\/p>\n","protected":false},"author":4,"featured_media":7878,"comment_status":"open","ping_status":"open","sticky":false,"template":"","format":"standard","meta":{"tdm_status":"","tdm_grid_status":"","_jetpack_memberships_contains_paid_content":false,"footnotes":""},"categories":[39,340,197,50,49],"tags":[451,2250,93,227,1342],"class_list":{"0":"post-7900","1":"post","2":"type-post","3":"status-publish","4":"format-standard","5":"has-post-thumbnail","7":"category-colombia","8":"category-ministro","9":"category-mujeres","10":"category-opinion","11":"category-orden-publico","12":"tag-accidente","13":"tag-bailarina","14":"tag-colombia","15":"tag-gobierno","16":"tag-mintrabajo"},"jetpack_sharing_enabled":true,"jetpack_featured_media_url":"https:\/\/colombiaopina.com.co\/wp-content\/uploads\/2024\/08\/IMG_5448.png","amp_enabled":true,"_links":{"self":[{"href":"https:\/\/colombiaopina.com.co\/index.php\/wp-json\/wp\/v2\/posts\/7900"}],"collection":[{"href":"https:\/\/colombiaopina.com.co\/index.php\/wp-json\/wp\/v2\/posts"}],"about":[{"href":"https:\/\/colombiaopina.com.co\/index.php\/wp-json\/wp\/v2\/types\/post"}],"author":[{"embeddable":true,"href":"https:\/\/colombiaopina.com.co\/index.php\/wp-json\/wp\/v2\/users\/4"}],"replies":[{"embeddable":true,"href":"https:\/\/colombiaopina.com.co\/index.php\/wp-json\/wp\/v2\/comments?post=7900"}],"version-history":[{"count":1,"href":"https:\/\/colombiaopina.com.co\/index.php\/wp-json\/wp\/v2\/posts\/7900\/revisions"}],"predecessor-version":[{"id":7901,"href":"https:\/\/colombiaopina.com.co\/index.php\/wp-json\/wp\/v2\/posts\/7900\/revisions\/7901"}],"wp:featuredmedia":[{"embeddable":true,"href":"https:\/\/colombiaopina.com.co\/index.php\/wp-json\/wp\/v2\/media\/7878"}],"wp:attachment":[{"href":"https:\/\/colombiaopina.com.co\/index.php\/wp-json\/wp\/v2\/media?parent=7900"}],"wp:term":[{"taxonomy":"category","embeddable":true,"href":"https:\/\/colombiaopina.com.co\/index.php\/wp-json\/wp\/v2\/categories?post=7900"},{"taxonomy":"post_tag","embeddable":true,"href":"https:\/\/colombiaopina.com.co\/index.php\/wp-json\/wp\/v2\/tags?post=7900"}],"curies":[{"name":"wp","href":"https:\/\/api.w.org\/{rel}","templated":true}]}}