{"id":7842,"date":"2024-08-22T10:47:30","date_gmt":"2024-08-22T15:47:30","guid":{"rendered":"https:\/\/colombiaopina.com.co\/?p=7842"},"modified":"2024-08-22T10:47:32","modified_gmt":"2024-08-22T15:47:32","slug":"maduro-en-la-cuerda-floja-presidente-venezolano-alcanza-el-record-de-desaprobacion-en-sudamerica","status":"publish","type":"post","link":"https:\/\/colombiaopina.com.co\/index.php\/2024\/08\/22\/maduro-en-la-cuerda-floja-presidente-venezolano-alcanza-el-record-de-desaprobacion-en-sudamerica\/","title":{"rendered":"Maduro en la cuerda floja: Presidente venezolano alcanza el r\u00e9cord de desaprobaci\u00f3n en Sudam\u00e9rica"},"content":{"rendered":"<p>En un nuevo ranking de aprobaci\u00f3n presidencial, Nicol\u00e1s Maduro, el presidente de Venezuela, se encuentra en el extremo inferior del espectro pol\u00edtico en Sudam\u00e9rica. Seg\u00fan los \u00faltimos datos de CB Consultora, la imagen negativa de Maduro ha alcanzado un alarmante 68,7%, una cifra sin precedentes en la regi\u00f3n. Esta notable ca\u00edda, desde el 37,6% de aprobaci\u00f3n positiva reportado el mes pasado, refleja una creciente desilusi\u00f3n con el liderazgo chavista en Venezuela.<br><\/p><p>Las encuestas revelan que solo el 27,8% de los venezolanos considera favorable la gesti\u00f3n de Maduro, mientras que un preocupante 42,9% la califica como \u201cmuy mala\u201d. Esta situaci\u00f3n ocurre en medio de una crisis pol\u00edtica sin precedentes, exacerbada por las disputadas elecciones presidenciales del pasado 28 de julio. La oposici\u00f3n y gran parte de la comunidad internacional contin\u00faan exigiendo la publicaci\u00f3n de los resultados desagregados por el Consejo Nacional Electoral (CNE), el cual declar\u00f3 a Maduro como ganador en una contienda envuelta en alegaciones de fraude.<br><\/p><figure class=\"wp-block-image size-large\"><img loading=\"lazy\" decoding=\"async\" width=\"1024\" height=\"512\" src=\"https:\/\/colombiaopina.com.co\/wp-content\/uploads\/2024\/08\/IMG_5384-1024x512.png\" alt=\"\" class=\"wp-image-7823\" srcset=\"https:\/\/colombiaopina.com.co\/wp-content\/uploads\/2024\/08\/IMG_5384-1024x512.png 1024w, https:\/\/colombiaopina.com.co\/wp-content\/uploads\/2024\/08\/IMG_5384-300x150.png 300w, https:\/\/colombiaopina.com.co\/wp-content\/uploads\/2024\/08\/IMG_5384-768x384.png 768w, https:\/\/colombiaopina.com.co\/wp-content\/uploads\/2024\/08\/IMG_5384-150x75.png 150w, https:\/\/colombiaopina.com.co\/wp-content\/uploads\/2024\/08\/IMG_5384-696x348.png 696w, https:\/\/colombiaopina.com.co\/wp-content\/uploads\/2024\/08\/IMG_5384-1068x534.png 1068w, https:\/\/colombiaopina.com.co\/wp-content\/uploads\/2024\/08\/IMG_5384-600x300.png 600w, https:\/\/colombiaopina.com.co\/wp-content\/uploads\/2024\/08\/IMG_5384.png 1200w\" sizes=\"(max-width: 1024px) 100vw, 1024px\" \/><\/figure><p>En contraste, el panorama para otros presidentes sudamericanos muestra una diversidad de evaluaciones. Daniel Noboa de Ecuador y Luiz In\u00e1cio Lula da Silva de Brasil lideran el ranking con altos \u00edndices de aprobaci\u00f3n. Noboa, con un 52,7% de respaldo, y Lula, con un 52,5%, muestran una s\u00f3lida popularidad en sus respectivos pa\u00edses. Por otro lado, el presidente colombiano Gustavo Petro se ubica en el octavo lugar con una imagen negativa del 62,7%, aunque ha mejorado ligeramente su aprobaci\u00f3n desde el mes pasado.<br><\/p><p>La evaluaci\u00f3n de los l\u00edderes regionales refleja una din\u00e1mica pol\u00edtica cambiante en Sudam\u00e9rica, con l\u00edderes emergentes y mandatarios en declive enfrentando desaf\u00edos significativos en su desempe\u00f1o y popularidad. La situaci\u00f3n de Maduro resalta una crisis de confianza que podr\u00eda tener implicaciones profundas para la estabilidad pol\u00edtica en Venezuela y su relaci\u00f3n con el resto del continente.<\/p>","protected":false},"excerpt":{"rendered":"<p>En un nuevo ranking de aprobaci\u00f3n presidencial, Nicol\u00e1s Maduro, el presidente de Venezuela, se encuentra en el extremo inferior del espectro pol\u00edtico en Sudam\u00e9rica. Seg\u00fan los \u00faltimos datos de CB Consultora, la imagen negativa de Maduro ha alcanzado un alarmante 68,7%, una cifra sin precedentes en la regi\u00f3n. Esta notable ca\u00edda, desde el 37,6% de [&hellip;]<\/p>\n","protected":false},"author":4,"featured_media":7822,"comment_status":"open","ping_status":"open","sticky":false,"template":"","format":"standard","meta":{"tdm_status":"","tdm_grid_status":"","_jetpack_memberships_contains_paid_content":false,"footnotes":""},"categories":[53],"tags":[1121,588,2237,583],"class_list":{"0":"post-7842","1":"post","2":"type-post","3":"status-publish","4":"format-standard","5":"has-post-thumbnail","7":"category-internacional","8":"tag-desaprobacion","9":"tag-maduro","10":"tag-sudamerica","11":"tag-venezuela"},"jetpack_sharing_enabled":true,"jetpack_featured_media_url":"https:\/\/colombiaopina.com.co\/wp-content\/uploads\/2024\/08\/IMG_5383.jpeg","amp_enabled":true,"_links":{"self":[{"href":"https:\/\/colombiaopina.com.co\/index.php\/wp-json\/wp\/v2\/posts\/7842"}],"collection":[{"href":"https:\/\/colombiaopina.com.co\/index.php\/wp-json\/wp\/v2\/posts"}],"about":[{"href":"https:\/\/colombiaopina.com.co\/index.php\/wp-json\/wp\/v2\/types\/post"}],"author":[{"embeddable":true,"href":"https:\/\/colombiaopina.com.co\/index.php\/wp-json\/wp\/v2\/users\/4"}],"replies":[{"embeddable":true,"href":"https:\/\/colombiaopina.com.co\/index.php\/wp-json\/wp\/v2\/comments?post=7842"}],"version-history":[{"count":1,"href":"https:\/\/colombiaopina.com.co\/index.php\/wp-json\/wp\/v2\/posts\/7842\/revisions"}],"predecessor-version":[{"id":7843,"href":"https:\/\/colombiaopina.com.co\/index.php\/wp-json\/wp\/v2\/posts\/7842\/revisions\/7843"}],"wp:featuredmedia":[{"embeddable":true,"href":"https:\/\/colombiaopina.com.co\/index.php\/wp-json\/wp\/v2\/media\/7822"}],"wp:attachment":[{"href":"https:\/\/colombiaopina.com.co\/index.php\/wp-json\/wp\/v2\/media?parent=7842"}],"wp:term":[{"taxonomy":"category","embeddable":true,"href":"https:\/\/colombiaopina.com.co\/index.php\/wp-json\/wp\/v2\/categories?post=7842"},{"taxonomy":"post_tag","embeddable":true,"href":"https:\/\/colombiaopina.com.co\/index.php\/wp-json\/wp\/v2\/tags?post=7842"}],"curies":[{"name":"wp","href":"https:\/\/api.w.org\/{rel}","templated":true}]}}