{"id":7794,"date":"2024-08-21T11:24:29","date_gmt":"2024-08-21T16:24:29","guid":{"rendered":"https:\/\/colombiaopina.com.co\/?p=7794"},"modified":"2024-08-21T11:24:31","modified_gmt":"2024-08-21T16:24:31","slug":"alertan-sobre-la-lenta-implementacion-del-acuerdo-de-paz-con-las-farc-y-el-aumento-de-asesinatos-a-defensores-de-derechos-en-colombia","status":"publish","type":"post","link":"https:\/\/colombiaopina.com.co\/index.php\/2024\/08\/21\/alertan-sobre-la-lenta-implementacion-del-acuerdo-de-paz-con-las-farc-y-el-aumento-de-asesinatos-a-defensores-de-derechos-en-colombia\/","title":{"rendered":"Alertan sobre la lenta implementaci\u00f3n del Acuerdo de Paz con las Farc y el aumento de asesinatos a defensores de derechos en Colombia"},"content":{"rendered":"<p>Un reciente informe de la Defensor\u00eda del Pueblo ha puesto en evidencia preocupaciones significativas respecto a la implementaci\u00f3n del Acuerdo de Paz con las Farc, destacando la falta de avances en aspectos cruciales como la adjudicaci\u00f3n de tierras y la creciente violencia contra l\u00edderes sociales y defensores de derechos humanos.<br><\/p><p>Seg\u00fan el informe, de los 21.132 predios ingresados para adjudicaci\u00f3n, solo el 37% ha sido entregado. Adem\u00e1s, de m\u00e1s de 1.500 predios ofertados por la Federaci\u00f3n Colombiana de Ganaderos (Fedeg\u00e1n), apenas 26 han sido adquiridos, reflejando una grave disparidad en la ejecuci\u00f3n de la reforma agraria. Esta lentitud en el proceso de adjudicaci\u00f3n y restituci\u00f3n de tierras ha generado incertidumbre y ha afectado directamente la seguridad en los territorios, lo que tambi\u00e9n est\u00e1 impactando la implementaci\u00f3n de otros componentes del acuerdo, como la sustituci\u00f3n de cultivos il\u00edcitos.<br><\/p><p>El informe tambi\u00e9n revela un alarmante incremento en la violencia contra l\u00edderes sociales y defensores de derechos humanos. En los primeros cuatro meses de 2024, fueron asesinados 57 defensores, una cifra que subraya la precariedad de la seguridad en las zonas rurales, donde se supone que el Acuerdo de Paz deber\u00eda estar mejorando las condiciones de vida.<br><\/p><figure class=\"wp-block-image size-full\"><img loading=\"lazy\" decoding=\"async\" width=\"706\" height=\"392\" src=\"https:\/\/colombiaopina.com.co\/wp-content\/uploads\/2024\/08\/IMG_5327.jpeg\" alt=\"\" class=\"wp-image-7769\" srcset=\"https:\/\/colombiaopina.com.co\/wp-content\/uploads\/2024\/08\/IMG_5327.jpeg 706w, https:\/\/colombiaopina.com.co\/wp-content\/uploads\/2024\/08\/IMG_5327-300x167.jpeg 300w, https:\/\/colombiaopina.com.co\/wp-content\/uploads\/2024\/08\/IMG_5327-150x83.jpeg 150w, https:\/\/colombiaopina.com.co\/wp-content\/uploads\/2024\/08\/IMG_5327-696x386.jpeg 696w, https:\/\/colombiaopina.com.co\/wp-content\/uploads\/2024\/08\/IMG_5327-600x333.jpeg 600w\" sizes=\"(max-width: 706px) 100vw, 706px\" \/><\/figure><p>El defensor del pueblo, Julio Luis Balanta, ha enfatizado la necesidad de fortalecer la institucionalidad que lidera la implementaci\u00f3n del acuerdo. Se\u00f1al\u00f3 que se requiere una cabeza aut\u00f3noma que emita directrices claras y pol\u00edticas p\u00fablicas efectivas, adem\u00e1s de una actualizaci\u00f3n continua de los indicadores de avance y una gesti\u00f3n transparente del presupuesto asignado para la implementaci\u00f3n.<br><\/p><p>Otro punto cr\u00edtico es la falta de progreso en la ruta \u00e9tnica para la restituci\u00f3n de tierras, donde m\u00e1s de 2.730 solicitudes est\u00e1n pendientes, afectando principalmente a adultos mayores. Adem\u00e1s, los Programas de Desarrollo con Enfoque Territorial (PDET) han mostrado un avance m\u00ednimo del 1% desde el informe anterior de la Defensor\u00eda.<br>El informe concluye que es esencial que los programas de apoyo a las econom\u00edas l\u00edcitas sean parte de pol\u00edticas p\u00fablicas sostenibles, y no medidas temporales, para garantizar la seguridad jur\u00eddica y el desarrollo productivo de los territorios.<br><\/p><p>Pese a estos desaf\u00edos, la Defensor\u00eda reconoce algunos esfuerzos por parte del Gobierno Nacional, como la consolidaci\u00f3n de la Jurisdicci\u00f3n Agraria y las gestiones de la Agencia para la Renovaci\u00f3n del Territorio, aunque subraya que queda mucho por hacer para cumplir con los compromisos del Acuerdo de Paz y proteger a las comunidades afectadas.<\/p>","protected":false},"excerpt":{"rendered":"<p>Un reciente informe de la Defensor\u00eda del Pueblo ha puesto en evidencia preocupaciones significativas respecto a la implementaci\u00f3n del Acuerdo de Paz con las Farc, destacando la falta de avances en aspectos cruciales como la adjudicaci\u00f3n de tierras y la creciente violencia contra l\u00edderes sociales y defensores de derechos humanos. Seg\u00fan el informe, de los [&hellip;]<\/p>\n","protected":false},"author":4,"featured_media":7768,"comment_status":"open","ping_status":"open","sticky":false,"template":"","format":"standard","meta":{"tdm_status":"","tdm_grid_status":"","_jetpack_memberships_contains_paid_content":false,"footnotes":""},"categories":[39,46,50,49,103,86,41],"tags":[93,225,227,127,135,65],"class_list":{"0":"post-7794","1":"post","2":"type-post","3":"status-publish","4":"format-standard","5":"has-post-thumbnail","7":"category-colombia","8":"category-gobierno","9":"category-opinion","10":"category-orden-publico","11":"category-petro","12":"category-politica","13":"category-seguridad","14":"tag-colombia","15":"tag-farc","16":"tag-gobierno","17":"tag-orden-publico","18":"tag-petro","19":"tag-seguridad"},"jetpack_sharing_enabled":true,"jetpack_featured_media_url":"https:\/\/colombiaopina.com.co\/wp-content\/uploads\/2024\/08\/IMG_5326.jpeg","amp_enabled":true,"_links":{"self":[{"href":"https:\/\/colombiaopina.com.co\/index.php\/wp-json\/wp\/v2\/posts\/7794"}],"collection":[{"href":"https:\/\/colombiaopina.com.co\/index.php\/wp-json\/wp\/v2\/posts"}],"about":[{"href":"https:\/\/colombiaopina.com.co\/index.php\/wp-json\/wp\/v2\/types\/post"}],"author":[{"embeddable":true,"href":"https:\/\/colombiaopina.com.co\/index.php\/wp-json\/wp\/v2\/users\/4"}],"replies":[{"embeddable":true,"href":"https:\/\/colombiaopina.com.co\/index.php\/wp-json\/wp\/v2\/comments?post=7794"}],"version-history":[{"count":1,"href":"https:\/\/colombiaopina.com.co\/index.php\/wp-json\/wp\/v2\/posts\/7794\/revisions"}],"predecessor-version":[{"id":7796,"href":"https:\/\/colombiaopina.com.co\/index.php\/wp-json\/wp\/v2\/posts\/7794\/revisions\/7796"}],"wp:featuredmedia":[{"embeddable":true,"href":"https:\/\/colombiaopina.com.co\/index.php\/wp-json\/wp\/v2\/media\/7768"}],"wp:attachment":[{"href":"https:\/\/colombiaopina.com.co\/index.php\/wp-json\/wp\/v2\/media?parent=7794"}],"wp:term":[{"taxonomy":"category","embeddable":true,"href":"https:\/\/colombiaopina.com.co\/index.php\/wp-json\/wp\/v2\/categories?post=7794"},{"taxonomy":"post_tag","embeddable":true,"href":"https:\/\/colombiaopina.com.co\/index.php\/wp-json\/wp\/v2\/tags?post=7794"}],"curies":[{"name":"wp","href":"https:\/\/api.w.org\/{rel}","templated":true}]}}