{"id":7742,"date":"2024-08-20T10:52:54","date_gmt":"2024-08-20T15:52:54","guid":{"rendered":"https:\/\/colombiaopina.com.co\/?p=7742"},"modified":"2024-08-20T10:53:02","modified_gmt":"2024-08-20T15:53:02","slug":"epm-pone-en-duda-la-idoneidad-de-jorge-carrillo-como-presidente-de-isa-posibles-incumplimientos-a-normas-anticorrupcion-de-ee-uu","status":"publish","type":"post","link":"https:\/\/colombiaopina.com.co\/index.php\/2024\/08\/20\/epm-pone-en-duda-la-idoneidad-de-jorge-carrillo-como-presidente-de-isa-posibles-incumplimientos-a-normas-anticorrupcion-de-ee-uu\/","title":{"rendered":"EPM pone en duda la idoneidad de Jorge Carrillo como presidente de ISA: posibles incumplimientos a normas anticorrupci\u00f3n de EE. UU."},"content":{"rendered":"<p>La reciente elecci\u00f3n de Jorge Carrillo como presidente de Interconexi\u00f3n El\u00e9ctrica S.A. (ISA) ha suscitado serias preocupaciones dentro del Grupo EPM, que ha solicitado informaci\u00f3n detallada a la junta directiva de ISA sobre el proceso de selecci\u00f3n. EPM, que posee el 8,8% de las acciones de ISA, ha subrayado la necesidad de garantizar que dicho proceso haya sido transparente, \u00e9tico y alineado con los m\u00e1s altos est\u00e1ndares de gobierno corporativo.<\/p><p>En una carta firmada por John Alberto Maya Salazar, gerente de EPM, la empresa antioque\u00f1a plante\u00f3 cuatro puntos clave que considera esenciales para la legitimidad del nombramiento de Carrillo. Entre ellos, destaca la importancia de asegurar que el proceso de selecci\u00f3n cumpliera con las recomendaciones de la firma cazatalentos encargada, y que se evaluara exhaustivamente la experiencia y solvencia \u00e9tica del candidato.<\/p><figure class=\"wp-block-image size-large\"><img loading=\"lazy\" decoding=\"async\" width=\"1024\" height=\"512\" src=\"https:\/\/colombiaopina.com.co\/wp-content\/uploads\/2024\/08\/IMG_5282-1024x512.jpeg\" alt=\"\" class=\"wp-image-7714\" srcset=\"https:\/\/colombiaopina.com.co\/wp-content\/uploads\/2024\/08\/IMG_5282-1024x512.jpeg 1024w, https:\/\/colombiaopina.com.co\/wp-content\/uploads\/2024\/08\/IMG_5282-300x150.jpeg 300w, https:\/\/colombiaopina.com.co\/wp-content\/uploads\/2024\/08\/IMG_5282-768x384.jpeg 768w, https:\/\/colombiaopina.com.co\/wp-content\/uploads\/2024\/08\/IMG_5282-150x75.jpeg 150w, https:\/\/colombiaopina.com.co\/wp-content\/uploads\/2024\/08\/IMG_5282-696x348.jpeg 696w, https:\/\/colombiaopina.com.co\/wp-content\/uploads\/2024\/08\/IMG_5282-1068x534.jpeg 1068w, https:\/\/colombiaopina.com.co\/wp-content\/uploads\/2024\/08\/IMG_5282-600x300.jpeg 600w, https:\/\/colombiaopina.com.co\/wp-content\/uploads\/2024\/08\/IMG_5282.jpeg 1200w\" sizes=\"(max-width: 1024px) 100vw, 1024px\" \/><\/figure><p>Una de las mayores preocupaciones expresadas por EPM radica en el cumplimiento de la Ley de Pr\u00e1cticas Corruptas en el Extranjero (FCPA, por sus siglas en ingl\u00e9s) de Estados Unidos, dado que Carrillo ha sido objeto de denuncias en Colombia que podr\u00edan comprometer su idoneidad. EPM insiste en que cualquier incumplimiento de esta normativa podr\u00eda afectar la integridad y sostenibilidad de ISA, una empresa vital para la seguridad energ\u00e9tica de Colombia y con presencia en otros pa\u00edses de Latinoam\u00e9rica.<\/p><p>Esta solicitud llega en un momento crucial para ISA, cuya gesti\u00f3n \u00e9tica y transparente es fundamental no solo para proteger los intereses de los accionistas, sino tambi\u00e9n para mantener la confianza del p\u00fablico y garantizar la estabilidad de la empresa a largo plazo. La respuesta de la junta directiva de ISA a las inquietudes de EPM ser\u00e1 determinante para el futuro de la compa\u00f1\u00eda y la percepci\u00f3n de su liderazgo.<\/p>","protected":false},"excerpt":{"rendered":"<p>La reciente elecci\u00f3n de Jorge Carrillo como presidente de Interconexi\u00f3n El\u00e9ctrica S.A. (ISA) ha suscitado serias preocupaciones dentro del Grupo EPM, que ha solicitado informaci\u00f3n detallada a la junta directiva de ISA sobre el proceso de selecci\u00f3n. EPM, que posee el 8,8% de las acciones de ISA, ha subrayado la necesidad de garantizar que dicho [&hellip;]<\/p>\n","protected":false},"author":4,"featured_media":7715,"comment_status":"open","ping_status":"open","sticky":false,"template":"","format":"standard","meta":{"tdm_status":"","tdm_grid_status":"","_jetpack_memberships_contains_paid_content":false,"footnotes":""},"categories":[38,39,101,103,86],"tags":[282,93,911,478,227,2224,62],"class_list":{"0":"post-7742","1":"post","2":"type-post","3":"status-publish","4":"format-standard","5":"has-post-thumbnail","7":"category-antioquia","8":"category-colombia","9":"category-epm","10":"category-petro","11":"category-politica","12":"tag-antioquia","13":"tag-colombia","14":"tag-ee-uu","15":"tag-epm","16":"tag-gobierno","17":"tag-isa","18":"tag-medellin"},"jetpack_sharing_enabled":true,"jetpack_featured_media_url":"https:\/\/colombiaopina.com.co\/wp-content\/uploads\/2024\/08\/IMG_5283.webp","amp_enabled":true,"_links":{"self":[{"href":"https:\/\/colombiaopina.com.co\/index.php\/wp-json\/wp\/v2\/posts\/7742"}],"collection":[{"href":"https:\/\/colombiaopina.com.co\/index.php\/wp-json\/wp\/v2\/posts"}],"about":[{"href":"https:\/\/colombiaopina.com.co\/index.php\/wp-json\/wp\/v2\/types\/post"}],"author":[{"embeddable":true,"href":"https:\/\/colombiaopina.com.co\/index.php\/wp-json\/wp\/v2\/users\/4"}],"replies":[{"embeddable":true,"href":"https:\/\/colombiaopina.com.co\/index.php\/wp-json\/wp\/v2\/comments?post=7742"}],"version-history":[{"count":1,"href":"https:\/\/colombiaopina.com.co\/index.php\/wp-json\/wp\/v2\/posts\/7742\/revisions"}],"predecessor-version":[{"id":7743,"href":"https:\/\/colombiaopina.com.co\/index.php\/wp-json\/wp\/v2\/posts\/7742\/revisions\/7743"}],"wp:featuredmedia":[{"embeddable":true,"href":"https:\/\/colombiaopina.com.co\/index.php\/wp-json\/wp\/v2\/media\/7715"}],"wp:attachment":[{"href":"https:\/\/colombiaopina.com.co\/index.php\/wp-json\/wp\/v2\/media?parent=7742"}],"wp:term":[{"taxonomy":"category","embeddable":true,"href":"https:\/\/colombiaopina.com.co\/index.php\/wp-json\/wp\/v2\/categories?post=7742"},{"taxonomy":"post_tag","embeddable":true,"href":"https:\/\/colombiaopina.com.co\/index.php\/wp-json\/wp\/v2\/tags?post=7742"}],"curies":[{"name":"wp","href":"https:\/\/api.w.org\/{rel}","templated":true}]}}