{"id":7734,"date":"2024-08-20T10:41:25","date_gmt":"2024-08-20T15:41:25","guid":{"rendered":"https:\/\/colombiaopina.com.co\/?p=7734"},"modified":"2024-08-20T10:41:27","modified_gmt":"2024-08-20T15:41:27","slug":"venezolanos-en-mas-de-300-ciudades-se-movilizan-contra-el-fraude-de-maduro-y-exigen-respeto-a-su-voto","status":"publish","type":"post","link":"https:\/\/colombiaopina.com.co\/index.php\/2024\/08\/20\/venezolanos-en-mas-de-300-ciudades-se-movilizan-contra-el-fraude-de-maduro-y-exigen-respeto-a-su-voto\/","title":{"rendered":"Venezolanos en m\u00e1s de 300 ciudades se movilizan contra el fraude de Maduro y exigen respeto a su voto"},"content":{"rendered":"<p>En un despliegue sin precedentes, venezolanos en m\u00e1s de 300 ciudades alrededor del mundo salieron a las calles este s\u00e1bado para protestar contra lo que consideran un fraude electoral perpetrado por el r\u00e9gimen de Nicol\u00e1s Maduro. Las manifestaciones, que se desarrollaron en pa\u00edses de todos los continentes, fueron impulsadas por la l\u00edder opositora Mar\u00eda Corina Machado y el presidente electo seg\u00fan la oposici\u00f3n, Edmundo Gonz\u00e1lez Urrutia, quienes han denunciado irregularidades en las elecciones del pasado 28 de julio.<\/p><p>Las primeras concentraciones se registraron en Australia y Nueva Zelanda, donde, a pesar de la lluvia, cientos de personas se reunieron para exigir libertad y transparencia. A lo largo del d\u00eda, la movilizaci\u00f3n se extendi\u00f3 a ciudades como Tokio, Bruselas, Madrid, Bogot\u00e1 y Miami, donde los manifestantes, portando banderas y carteles, denunciaron la represi\u00f3n y la falta de transparencia del gobierno de Maduro.<\/p><p>En Madrid, una de las ciudades con mayor concentraci\u00f3n de venezolanos, la Puerta del Sol qued\u00f3 colapsada por la multitud que se reuni\u00f3 para alzar su voz. Se estima que unas 15.000 personas participaron en la protesta, gritando consignas de \u00ablibertad\u00bb y \u00abno al fraude\u00bb. La presidenta de la Comunidad de Madrid, Isabel D\u00edaz Ayuso, se uni\u00f3 a la manifestaci\u00f3n, destacando la importancia de la ley y la democracia en el respeto a la voluntad popular.<\/p><figure class=\"wp-block-image size-full\"><img loading=\"lazy\" decoding=\"async\" width=\"1024\" height=\"683\" src=\"https:\/\/colombiaopina.com.co\/wp-content\/uploads\/2024\/08\/IMG_5290.jpeg\" alt=\"\" class=\"wp-image-7722\" srcset=\"https:\/\/colombiaopina.com.co\/wp-content\/uploads\/2024\/08\/IMG_5290.jpeg 1024w, https:\/\/colombiaopina.com.co\/wp-content\/uploads\/2024\/08\/IMG_5290-300x200.jpeg 300w, https:\/\/colombiaopina.com.co\/wp-content\/uploads\/2024\/08\/IMG_5290-768x512.jpeg 768w, https:\/\/colombiaopina.com.co\/wp-content\/uploads\/2024\/08\/IMG_5290-150x100.jpeg 150w, https:\/\/colombiaopina.com.co\/wp-content\/uploads\/2024\/08\/IMG_5290-696x464.jpeg 696w, https:\/\/colombiaopina.com.co\/wp-content\/uploads\/2024\/08\/IMG_5290-600x400.jpeg 600w\" sizes=\"(max-width: 1024px) 100vw, 1024px\" \/><\/figure><p>La jornada tambi\u00e9n fue significativa en ciudades como Buenos Aires, Miami y Nueva York, donde los venezolanos entonaron el himno nacional y mostraron su apoyo a la disidencia en su pa\u00eds natal. En Times Square, Nueva York, y en la Plaza Independencia de Montevideo, Uruguay, las consignas de \u00abMaduro asesino\u00bb y \u00abVenezuela libre\u00bb resonaron con fuerza.<\/p><p>Este masivo rechazo al gobierno de Maduro evidencia la profunda crisis pol\u00edtica y social que enfrenta Venezuela, as\u00ed como la determinaci\u00f3n de su di\u00e1spora de no permitir que su voz sea silenciada. La protesta global es un recordatorio del impacto internacional del conflicto venezolano y del apoyo que la oposici\u00f3n sigue recibiendo en su lucha por la democracia y la libertad.<\/p>","protected":false},"excerpt":{"rendered":"<p>En un despliegue sin precedentes, venezolanos en m\u00e1s de 300 ciudades alrededor del mundo salieron a las calles este s\u00e1bado para protestar contra lo que consideran un fraude electoral perpetrado por el r\u00e9gimen de Nicol\u00e1s Maduro. Las manifestaciones, que se desarrollaron en pa\u00edses de todos los continentes, fueron impulsadas por la l\u00edder opositora Mar\u00eda Corina [&hellip;]<\/p>\n","protected":false},"author":4,"featured_media":7723,"comment_status":"open","ping_status":"open","sticky":false,"template":"","format":"standard","meta":{"tdm_status":"","tdm_grid_status":"","_jetpack_memberships_contains_paid_content":false,"footnotes":""},"categories":[53],"tags":[588,1150,583],"class_list":{"0":"post-7734","1":"post","2":"type-post","3":"status-publish","4":"format-standard","5":"has-post-thumbnail","7":"category-internacional","8":"tag-maduro","9":"tag-movilizaciones","10":"tag-venezuela"},"jetpack_sharing_enabled":true,"jetpack_featured_media_url":"https:\/\/colombiaopina.com.co\/wp-content\/uploads\/2024\/08\/IMG_5291.jpeg","amp_enabled":true,"_links":{"self":[{"href":"https:\/\/colombiaopina.com.co\/index.php\/wp-json\/wp\/v2\/posts\/7734"}],"collection":[{"href":"https:\/\/colombiaopina.com.co\/index.php\/wp-json\/wp\/v2\/posts"}],"about":[{"href":"https:\/\/colombiaopina.com.co\/index.php\/wp-json\/wp\/v2\/types\/post"}],"author":[{"embeddable":true,"href":"https:\/\/colombiaopina.com.co\/index.php\/wp-json\/wp\/v2\/users\/4"}],"replies":[{"embeddable":true,"href":"https:\/\/colombiaopina.com.co\/index.php\/wp-json\/wp\/v2\/comments?post=7734"}],"version-history":[{"count":1,"href":"https:\/\/colombiaopina.com.co\/index.php\/wp-json\/wp\/v2\/posts\/7734\/revisions"}],"predecessor-version":[{"id":7735,"href":"https:\/\/colombiaopina.com.co\/index.php\/wp-json\/wp\/v2\/posts\/7734\/revisions\/7735"}],"wp:featuredmedia":[{"embeddable":true,"href":"https:\/\/colombiaopina.com.co\/index.php\/wp-json\/wp\/v2\/media\/7723"}],"wp:attachment":[{"href":"https:\/\/colombiaopina.com.co\/index.php\/wp-json\/wp\/v2\/media?parent=7734"}],"wp:term":[{"taxonomy":"category","embeddable":true,"href":"https:\/\/colombiaopina.com.co\/index.php\/wp-json\/wp\/v2\/categories?post=7734"},{"taxonomy":"post_tag","embeddable":true,"href":"https:\/\/colombiaopina.com.co\/index.php\/wp-json\/wp\/v2\/tags?post=7734"}],"curies":[{"name":"wp","href":"https:\/\/api.w.org\/{rel}","templated":true}]}}