{"id":7682,"date":"2024-08-16T11:05:19","date_gmt":"2024-08-16T16:05:19","guid":{"rendered":"https:\/\/colombiaopina.com.co\/?p=7682"},"modified":"2024-08-16T11:05:21","modified_gmt":"2024-08-16T16:05:21","slug":"machado-lidera-protesta-mundial-contra-el-fraude-de-maduro-mas-de-300-ciudades-se-sumaran","status":"publish","type":"post","link":"https:\/\/colombiaopina.com.co\/index.php\/2024\/08\/16\/machado-lidera-protesta-mundial-contra-el-fraude-de-maduro-mas-de-300-ciudades-se-sumaran\/","title":{"rendered":"Machado lidera protesta mundial contra el fraude de Maduro: m\u00e1s de 300 ciudades se sumar\u00e1n"},"content":{"rendered":"<p>La l\u00edder opositora venezolana Mar\u00eda Corina Machado anunci\u00f3 que este s\u00e1bado, venezolanos en m\u00e1s de 300 ciudades del mundo participar\u00e1n en una protesta global para denunciar el fraude electoral en las presidenciales del 28 de julio, donde Nicol\u00e1s Maduro fue declarado ganador. Machado, quien apoya al candidato opositor Edmundo Gonz\u00e1lez Urrutia, afirm\u00f3 que la manifestaci\u00f3n ser\u00e1 un paso crucial para \u201chacer valer la soberan\u00eda popular y la verdad expresada\u201d en las urnas.<br><\/p><p>Machado destac\u00f3 que la movilizaci\u00f3n no solo se llevar\u00e1 a cabo en Venezuela, donde decenas de ciudades se unir\u00e1n a la protesta, sino que tambi\u00e9n contar\u00e1 con el respaldo de ciudadanos de diversas partes del mundo. \u201cEl 17 de agosto ser\u00e1 un gran d\u00eda\u201d, afirm\u00f3, subrayando que esta acci\u00f3n busca enviar un mensaje claro al r\u00e9gimen de Maduro: \u201cNo nos van a detener\u201d.<br><\/p><figure class=\"wp-block-image size-large\"><img loading=\"lazy\" decoding=\"async\" width=\"1024\" height=\"512\" src=\"https:\/\/colombiaopina.com.co\/wp-content\/uploads\/2024\/08\/IMG_5158-1024x512.jpeg\" alt=\"\" class=\"wp-image-7663\" srcset=\"https:\/\/colombiaopina.com.co\/wp-content\/uploads\/2024\/08\/IMG_5158-1024x512.jpeg 1024w, https:\/\/colombiaopina.com.co\/wp-content\/uploads\/2024\/08\/IMG_5158-300x150.jpeg 300w, https:\/\/colombiaopina.com.co\/wp-content\/uploads\/2024\/08\/IMG_5158-768x384.jpeg 768w, https:\/\/colombiaopina.com.co\/wp-content\/uploads\/2024\/08\/IMG_5158-150x75.jpeg 150w, https:\/\/colombiaopina.com.co\/wp-content\/uploads\/2024\/08\/IMG_5158-696x348.jpeg 696w, https:\/\/colombiaopina.com.co\/wp-content\/uploads\/2024\/08\/IMG_5158-1068x534.jpeg 1068w, https:\/\/colombiaopina.com.co\/wp-content\/uploads\/2024\/08\/IMG_5158-600x300.jpeg 600w, https:\/\/colombiaopina.com.co\/wp-content\/uploads\/2024\/08\/IMG_5158.jpeg 1200w\" sizes=\"(max-width: 1024px) 100vw, 1024px\" \/><\/figure><p>La opositora tambi\u00e9n hizo un llamado a la comunidad internacional para que contin\u00fae apoyando la causa democr\u00e1tica en Venezuela y advirti\u00f3 que la negativa de Maduro a reconocer los resultados leg\u00edtimos solo prolonga la crisis. \u201cEl r\u00e9gimen est\u00e1 m\u00e1s d\u00e9bil que nunca\u201d, asegur\u00f3 Machado, quien insiste en que la transici\u00f3n hacia la democracia es inevitable y necesaria para el futuro del pa\u00eds.<br><\/p><p>Adem\u00e1s de la protesta, Machado contin\u00faa impulsando una negociaci\u00f3n que establezca las condiciones para una \u201ctransici\u00f3n democr\u00e1tica\u201d en Venezuela. La Plataforma Unitaria Democr\u00e1tica (PUD), principal alianza opositora, ha convocado a quienes deseen organizar manifestaciones a unirse a la causa, evidenciando la creciente movilizaci\u00f3n internacional contra el fraude electoral en Venezuela.<\/p>","protected":false},"excerpt":{"rendered":"<p>La l\u00edder opositora venezolana Mar\u00eda Corina Machado anunci\u00f3 que este s\u00e1bado, venezolanos en m\u00e1s de 300 ciudades del mundo participar\u00e1n en una protesta global para denunciar el fraude electoral en las presidenciales del 28 de julio, donde Nicol\u00e1s Maduro fue declarado ganador. Machado, quien apoya al candidato opositor Edmundo Gonz\u00e1lez Urrutia, afirm\u00f3 que la manifestaci\u00f3n [&hellip;]<\/p>\n","protected":false},"author":4,"featured_media":7664,"comment_status":"open","ping_status":"open","sticky":false,"template":"","format":"standard","meta":{"tdm_status":"","tdm_grid_status":"","_jetpack_memberships_contains_paid_content":false,"footnotes":""},"categories":[53],"tags":[2053,2170,583],"class_list":{"0":"post-7682","1":"post","2":"type-post","3":"status-publish","4":"format-standard","5":"has-post-thumbnail","7":"category-internacional","8":"tag-machado","9":"tag-protesta-mundial","10":"tag-venezuela"},"jetpack_sharing_enabled":true,"jetpack_featured_media_url":"https:\/\/colombiaopina.com.co\/wp-content\/uploads\/2024\/08\/IMG_5159.webp","amp_enabled":true,"_links":{"self":[{"href":"https:\/\/colombiaopina.com.co\/index.php\/wp-json\/wp\/v2\/posts\/7682"}],"collection":[{"href":"https:\/\/colombiaopina.com.co\/index.php\/wp-json\/wp\/v2\/posts"}],"about":[{"href":"https:\/\/colombiaopina.com.co\/index.php\/wp-json\/wp\/v2\/types\/post"}],"author":[{"embeddable":true,"href":"https:\/\/colombiaopina.com.co\/index.php\/wp-json\/wp\/v2\/users\/4"}],"replies":[{"embeddable":true,"href":"https:\/\/colombiaopina.com.co\/index.php\/wp-json\/wp\/v2\/comments?post=7682"}],"version-history":[{"count":1,"href":"https:\/\/colombiaopina.com.co\/index.php\/wp-json\/wp\/v2\/posts\/7682\/revisions"}],"predecessor-version":[{"id":7685,"href":"https:\/\/colombiaopina.com.co\/index.php\/wp-json\/wp\/v2\/posts\/7682\/revisions\/7685"}],"wp:featuredmedia":[{"embeddable":true,"href":"https:\/\/colombiaopina.com.co\/index.php\/wp-json\/wp\/v2\/media\/7664"}],"wp:attachment":[{"href":"https:\/\/colombiaopina.com.co\/index.php\/wp-json\/wp\/v2\/media?parent=7682"}],"wp:term":[{"taxonomy":"category","embeddable":true,"href":"https:\/\/colombiaopina.com.co\/index.php\/wp-json\/wp\/v2\/categories?post=7682"},{"taxonomy":"post_tag","embeddable":true,"href":"https:\/\/colombiaopina.com.co\/index.php\/wp-json\/wp\/v2\/tags?post=7682"}],"curies":[{"name":"wp","href":"https:\/\/api.w.org\/{rel}","templated":true}]}}