{"id":7632,"date":"2024-08-15T11:14:21","date_gmt":"2024-08-15T16:14:21","guid":{"rendered":"https:\/\/colombiaopina.com.co\/?p=7632"},"modified":"2024-08-15T11:14:23","modified_gmt":"2024-08-15T16:14:23","slug":"gobernador-de-antioquia-desafia-al-clan-del-golfo-no-me-inquieta-lo-que-digan-esos-bandidos","status":"publish","type":"post","link":"https:\/\/colombiaopina.com.co\/index.php\/2024\/08\/15\/gobernador-de-antioquia-desafia-al-clan-del-golfo-no-me-inquieta-lo-que-digan-esos-bandidos\/","title":{"rendered":"Gobernador de Antioquia desaf\u00eda al Clan del Golfo: \u00abNo me inquieta lo que digan esos bandidos\u00bb"},"content":{"rendered":"<p>El gobernador de Antioquia, Andr\u00e9s Juli\u00e1n Rend\u00f3n, respondi\u00f3 de manera contundente a las amenazas emitidas por el Clan del Golfo en un panfleto publicado el 7 de agosto, donde lo acusan de ser un obst\u00e1culo para sus intenciones de negociar la paz con el Gobierno Nacional. Rend\u00f3n, a trav\u00e9s de un video en sus redes sociales, dej\u00f3 claro que su compromiso est\u00e1 con los \u00abantioque\u00f1os trabajadores\u00bb y no con quienes buscan desestabilizar la regi\u00f3n.<\/p><p>Rend\u00f3n ha sido uno de los cr\u00edticos m\u00e1s ac\u00e9rrimos de la pol\u00edtica de \u00abPaz Total\u00bb promovida por el presidente Gustavo Petro, cuestionando el enfoque permisivo hacia las estructuras criminales que, seg\u00fan \u00e9l, solo ha servido para fortalecer a estos grupos al margen de la ley. \u00abLo que s\u00ed me inquieta es el trato generoso que el Gobierno Nacional sigue dando a criminales que posan de insurgentes\u00bb, declar\u00f3 el mandatario, reiterando su rechazo a cualquier pacto que favorezca a estos grupos.<\/p><figure class=\"wp-block-image size-full\"><img loading=\"lazy\" decoding=\"async\" width=\"635\" height=\"355\" src=\"https:\/\/colombiaopina.com.co\/wp-content\/uploads\/2024\/08\/IMG_5125.jpeg\" alt=\"\" class=\"wp-image-7615\" srcset=\"https:\/\/colombiaopina.com.co\/wp-content\/uploads\/2024\/08\/IMG_5125.jpeg 635w, https:\/\/colombiaopina.com.co\/wp-content\/uploads\/2024\/08\/IMG_5125-300x168.jpeg 300w, https:\/\/colombiaopina.com.co\/wp-content\/uploads\/2024\/08\/IMG_5125-150x84.jpeg 150w, https:\/\/colombiaopina.com.co\/wp-content\/uploads\/2024\/08\/IMG_5125-600x335.jpeg 600w\" sizes=\"(max-width: 635px) 100vw, 635px\" \/><\/figure><p>El gobernador tambi\u00e9n destac\u00f3 que, aunque la tasa de homicidios en Antioquia ha disminuido un 8% en lo que va del a\u00f1o, ciertas subregiones como el Nordeste y el Bajo Cauca han experimentado un preocupante aumento en la violencia, lo que \u00e9l atribuye a la impunidad y la permisividad con la que se est\u00e1 manejando la pol\u00edtica de paz.<\/p><p>Las cr\u00edticas de Rend\u00f3n se suman a un creciente escepticismo en torno a las negociaciones con el Clan del Golfo, un grupo que ha sido acusado de utilizar estos di\u00e1logos como una estrategia para mantener y expandir sus actividades ilegales, incluyendo el narcotr\u00e1fico y la miner\u00eda ilegal, en varias regiones de Colombia. La respuesta del gobernador refleja la tensi\u00f3n creciente entre las autoridades locales y el Gobierno Nacional sobre la manera de abordar la pacificaci\u00f3n del pa\u00eds.<\/p>","protected":false},"excerpt":{"rendered":"<p>El gobernador de Antioquia, Andr\u00e9s Juli\u00e1n Rend\u00f3n, respondi\u00f3 de manera contundente a las amenazas emitidas por el Clan del Golfo en un panfleto publicado el 7 de agosto, donde lo acusan de ser un obst\u00e1culo para sus intenciones de negociar la paz con el Gobierno Nacional. Rend\u00f3n, a trav\u00e9s de un video en sus redes [&hellip;]<\/p>\n","protected":false},"author":4,"featured_media":7614,"comment_status":"open","ping_status":"open","sticky":false,"template":"","format":"standard","meta":{"tdm_status":"","tdm_grid_status":"","_jetpack_memberships_contains_paid_content":false,"footnotes":""},"categories":[38,151,49,41],"tags":[282,775,127,65],"class_list":{"0":"post-7632","1":"post","2":"type-post","3":"status-publish","4":"format-standard","5":"has-post-thumbnail","7":"category-antioquia","8":"category-gobernador","9":"category-orden-publico","10":"category-seguridad","11":"tag-antioquia","12":"tag-clan-del-golfo","13":"tag-orden-publico","14":"tag-seguridad"},"jetpack_sharing_enabled":true,"jetpack_featured_media_url":"https:\/\/colombiaopina.com.co\/wp-content\/uploads\/2024\/08\/IMG_5124.png","amp_enabled":true,"_links":{"self":[{"href":"https:\/\/colombiaopina.com.co\/index.php\/wp-json\/wp\/v2\/posts\/7632"}],"collection":[{"href":"https:\/\/colombiaopina.com.co\/index.php\/wp-json\/wp\/v2\/posts"}],"about":[{"href":"https:\/\/colombiaopina.com.co\/index.php\/wp-json\/wp\/v2\/types\/post"}],"author":[{"embeddable":true,"href":"https:\/\/colombiaopina.com.co\/index.php\/wp-json\/wp\/v2\/users\/4"}],"replies":[{"embeddable":true,"href":"https:\/\/colombiaopina.com.co\/index.php\/wp-json\/wp\/v2\/comments?post=7632"}],"version-history":[{"count":1,"href":"https:\/\/colombiaopina.com.co\/index.php\/wp-json\/wp\/v2\/posts\/7632\/revisions"}],"predecessor-version":[{"id":7633,"href":"https:\/\/colombiaopina.com.co\/index.php\/wp-json\/wp\/v2\/posts\/7632\/revisions\/7633"}],"wp:featuredmedia":[{"embeddable":true,"href":"https:\/\/colombiaopina.com.co\/index.php\/wp-json\/wp\/v2\/media\/7614"}],"wp:attachment":[{"href":"https:\/\/colombiaopina.com.co\/index.php\/wp-json\/wp\/v2\/media?parent=7632"}],"wp:term":[{"taxonomy":"category","embeddable":true,"href":"https:\/\/colombiaopina.com.co\/index.php\/wp-json\/wp\/v2\/categories?post=7632"},{"taxonomy":"post_tag","embeddable":true,"href":"https:\/\/colombiaopina.com.co\/index.php\/wp-json\/wp\/v2\/tags?post=7632"}],"curies":[{"name":"wp","href":"https:\/\/api.w.org\/{rel}","templated":true}]}}