{"id":763,"date":"2024-01-25T14:03:21","date_gmt":"2024-01-25T19:03:21","guid":{"rendered":"https:\/\/colombiaopina.com.co\/?p=763"},"modified":"2024-01-25T14:03:24","modified_gmt":"2024-01-25T19:03:24","slug":"operativo-de-rescate-en-medellin-55-perritos-salvados-de-criadero-clandestino","status":"publish","type":"post","link":"https:\/\/colombiaopina.com.co\/index.php\/2024\/01\/25\/operativo-de-rescate-en-medellin-55-perritos-salvados-de-criadero-clandestino\/","title":{"rendered":"Operativo de rescate en Medell\u00edn: 55 perritos salvados de criadero clandestino"},"content":{"rendered":"<p>En un operativo realizado en el barrio Juan XXIII de la Comuna 13 en Medell\u00edn, las autoridades rescataron a 55 perritos de diferentes razas de un criadero clandestino. Los animales, encontrados en condiciones precarias, viv\u00edan y com\u00edan en medio de sus heces, sufriendo de problemas de salud y salubridad.<\/p><p>La Polic\u00eda Nacional y la Inspecci\u00f3n Animal de Medell\u00edn intervinieron en la vivienda, donde el propietario autoriz\u00f3 el ingreso. Los caninos, diagnosticados con dermatitis, desnutrici\u00f3n y problemas oculares, fueron trasladados al Centro de Bienestar Animal La Perla para su cuidado y protecci\u00f3n.<\/p><figure class=\"wp-block-video\"><video controls src=\"https:\/\/colombiaopina.com.co\/wp-content\/uploads\/2024\/01\/6OUFQueYDyTg4Fp-.mp4\"><\/video><\/figure><p>La Fiscal\u00eda General de la Naci\u00f3n, a trav\u00e9s del Grupo Especial para la Lucha Contra el Maltrato Animal (Gelma), ha registrado casi dos mil denuncias de maltrato animal, procesando 173 casos y logrando 71 condenas. La legislaci\u00f3n colombiana estipula multas y penas de prisi\u00f3n para quienes lesionen o provoquen la muerte de animales.<\/p><p>Este rescate destaca la problem\u00e1tica del maltrato animal en Colombia y la necesidad de una mayor conciencia y acci\u00f3n por parte de las autoridades y la sociedad para proteger a los animales y prevenir el abuso y el abandono.<\/p>","protected":false},"excerpt":{"rendered":"<p>En un operativo realizado en el barrio Juan XXIII de la Comuna 13 en Medell\u00edn, las autoridades rescataron a 55 perritos de diferentes razas de un criadero clandestino. Los animales, encontrados en condiciones precarias, viv\u00edan y com\u00edan en medio de sus heces, sufriendo de problemas de salud y salubridad. La Polic\u00eda Nacional y la Inspecci\u00f3n [&hellip;]<\/p>\n","protected":false},"author":4,"featured_media":765,"comment_status":"open","ping_status":"open","sticky":false,"template":"","format":"standard","meta":{"tdm_status":"","tdm_grid_status":"","_jetpack_memberships_contains_paid_content":false,"footnotes":""},"categories":[38,99],"tags":[],"class_list":{"0":"post-763","1":"post","2":"type-post","3":"status-publish","4":"format-standard","5":"has-post-thumbnail","7":"category-antioquia","8":"category-criadero"},"jetpack_sharing_enabled":true,"jetpack_featured_media_url":"https:\/\/colombiaopina.com.co\/wp-content\/uploads\/2024\/01\/CNu_V53.jpeg","amp_enabled":true,"_links":{"self":[{"href":"https:\/\/colombiaopina.com.co\/index.php\/wp-json\/wp\/v2\/posts\/763"}],"collection":[{"href":"https:\/\/colombiaopina.com.co\/index.php\/wp-json\/wp\/v2\/posts"}],"about":[{"href":"https:\/\/colombiaopina.com.co\/index.php\/wp-json\/wp\/v2\/types\/post"}],"author":[{"embeddable":true,"href":"https:\/\/colombiaopina.com.co\/index.php\/wp-json\/wp\/v2\/users\/4"}],"replies":[{"embeddable":true,"href":"https:\/\/colombiaopina.com.co\/index.php\/wp-json\/wp\/v2\/comments?post=763"}],"version-history":[{"count":1,"href":"https:\/\/colombiaopina.com.co\/index.php\/wp-json\/wp\/v2\/posts\/763\/revisions"}],"predecessor-version":[{"id":766,"href":"https:\/\/colombiaopina.com.co\/index.php\/wp-json\/wp\/v2\/posts\/763\/revisions\/766"}],"wp:featuredmedia":[{"embeddable":true,"href":"https:\/\/colombiaopina.com.co\/index.php\/wp-json\/wp\/v2\/media\/765"}],"wp:attachment":[{"href":"https:\/\/colombiaopina.com.co\/index.php\/wp-json\/wp\/v2\/media?parent=763"}],"wp:term":[{"taxonomy":"category","embeddable":true,"href":"https:\/\/colombiaopina.com.co\/index.php\/wp-json\/wp\/v2\/categories?post=763"},{"taxonomy":"post_tag","embeddable":true,"href":"https:\/\/colombiaopina.com.co\/index.php\/wp-json\/wp\/v2\/tags?post=763"}],"curies":[{"name":"wp","href":"https:\/\/api.w.org\/{rel}","templated":true}]}}