{"id":7607,"date":"2024-08-15T11:12:18","date_gmt":"2024-08-15T16:12:18","guid":{"rendered":"https:\/\/colombiaopina.com.co\/?p=7607"},"modified":"2024-08-15T11:12:20","modified_gmt":"2024-08-15T16:12:20","slug":"gobernador-de-antioquia-desafia-al-clan-del-golfo-tras-amenazas-en-su-contra-mis-aliados-son-los-antioquenos-trabajadores","status":"publish","type":"post","link":"https:\/\/colombiaopina.com.co\/index.php\/2024\/08\/15\/gobernador-de-antioquia-desafia-al-clan-del-golfo-tras-amenazas-en-su-contra-mis-aliados-son-los-antioquenos-trabajadores\/","title":{"rendered":"Gobernador de Antioquia desaf\u00eda al Clan del Golfo tras amenazas en su contra: \u00abMis aliados son los antioque\u00f1os trabajadores\u00bb"},"content":{"rendered":"<p>El gobernador de Antioquia, Andr\u00e9s Juli\u00e1n Rend\u00f3n, fue se\u00f1alado por el Clan del Golfo en un panfleto publicado el pasado 7 de agosto, en el que lo acusan de oponerse a cualquier intento de disminuir la intensidad del conflicto en su territorio. Seg\u00fan el grupo armado, la postura del mandatario ha generado m\u00e1s violencia y sufrimiento en la regi\u00f3n.<\/p><p>El gobernador, conocido por su firme oposici\u00f3n a las negociaciones con grupos al margen de la ley, respondi\u00f3 con contundencia a las acusaciones, afirmando que no le preocupan las amenazas de \u00abbandidos\u00bb y que su lealtad est\u00e1 con los antioque\u00f1os trabajadores. Rend\u00f3n ha sido cr\u00edtico del enfoque del gobierno nacional en el proceso de Paz Total, acusando a las autoridades de ser demasiado indulgentes con los grupos armados.<\/p><figure class=\"wp-block-image size-full\"><img loading=\"lazy\" decoding=\"async\" width=\"650\" height=\"488\" src=\"https:\/\/colombiaopina.com.co\/wp-content\/uploads\/2024\/08\/IMG_5122.jpeg\" alt=\"\" class=\"wp-image-7612\" srcset=\"https:\/\/colombiaopina.com.co\/wp-content\/uploads\/2024\/08\/IMG_5122.jpeg 650w, https:\/\/colombiaopina.com.co\/wp-content\/uploads\/2024\/08\/IMG_5122-300x225.jpeg 300w, https:\/\/colombiaopina.com.co\/wp-content\/uploads\/2024\/08\/IMG_5122-150x113.jpeg 150w, https:\/\/colombiaopina.com.co\/wp-content\/uploads\/2024\/08\/IMG_5122-265x198.jpeg 265w, https:\/\/colombiaopina.com.co\/wp-content\/uploads\/2024\/08\/IMG_5122-600x450.jpeg 600w\" sizes=\"(max-width: 650px) 100vw, 650px\" \/><\/figure><p>A pesar de una reducci\u00f3n general del 8% en los homicidios en el departamento en lo que va del a\u00f1o, subregiones como el Nordeste y el Bajo Cauca han experimentado un alarmante aumento de la violencia, con incrementos del 70% y 57% respectivamente. El gobernador ha denunciado que, mientras los criminales caminan \u00abpor un camino de rosas\u00bb gracias a la pol\u00edtica de paz del gobierno, los ciudadanos comunes enfrentan un \u00abcamino empinado y lleno de espinas\u00bb debido a la extorsi\u00f3n y la violencia.<\/p><p>El comunicado del Clan del Golfo tambi\u00e9n atac\u00f3 a la prensa, acusando a los medios de comunicaci\u00f3n de utilizar un lenguaje incendiario que agrava el conflicto en el pa\u00eds. A pesar de las amenazas, Rend\u00f3n reafirm\u00f3 su compromiso con la seguridad y bienestar de los antioque\u00f1os, dejando claro que no ceder\u00e1 ante la intimidaci\u00f3n.<\/p>","protected":false},"excerpt":{"rendered":"<p>El gobernador de Antioquia, Andr\u00e9s Juli\u00e1n Rend\u00f3n, fue se\u00f1alado por el Clan del Golfo en un panfleto publicado el pasado 7 de agosto, en el que lo acusan de oponerse a cualquier intento de disminuir la intensidad del conflicto en su territorio. Seg\u00fan el grupo armado, la postura del mandatario ha generado m\u00e1s violencia y [&hellip;]<\/p>\n","protected":false},"author":4,"featured_media":7613,"comment_status":"open","ping_status":"open","sticky":false,"template":"","format":"standard","meta":{"tdm_status":"","tdm_grid_status":"","_jetpack_memberships_contains_paid_content":false,"footnotes":""},"categories":[38,105,151,49,41],"tags":[777,466,282,775,127,65],"class_list":{"0":"post-7607","1":"post","2":"type-post","3":"status-publish","4":"format-standard","5":"has-post-thumbnail","7":"category-antioquia","8":"category-fiscalia","9":"category-gobernador","10":"category-orden-publico","11":"category-seguridad","12":"tag-amenazas","13":"tag-andres-julian","14":"tag-antioquia","15":"tag-clan-del-golfo","16":"tag-orden-publico","17":"tag-seguridad"},"jetpack_sharing_enabled":true,"jetpack_featured_media_url":"https:\/\/colombiaopina.com.co\/wp-content\/uploads\/2024\/08\/IMG_5123.jpeg","amp_enabled":true,"_links":{"self":[{"href":"https:\/\/colombiaopina.com.co\/index.php\/wp-json\/wp\/v2\/posts\/7607"}],"collection":[{"href":"https:\/\/colombiaopina.com.co\/index.php\/wp-json\/wp\/v2\/posts"}],"about":[{"href":"https:\/\/colombiaopina.com.co\/index.php\/wp-json\/wp\/v2\/types\/post"}],"author":[{"embeddable":true,"href":"https:\/\/colombiaopina.com.co\/index.php\/wp-json\/wp\/v2\/users\/4"}],"replies":[{"embeddable":true,"href":"https:\/\/colombiaopina.com.co\/index.php\/wp-json\/wp\/v2\/comments?post=7607"}],"version-history":[{"count":1,"href":"https:\/\/colombiaopina.com.co\/index.php\/wp-json\/wp\/v2\/posts\/7607\/revisions"}],"predecessor-version":[{"id":7631,"href":"https:\/\/colombiaopina.com.co\/index.php\/wp-json\/wp\/v2\/posts\/7607\/revisions\/7631"}],"wp:featuredmedia":[{"embeddable":true,"href":"https:\/\/colombiaopina.com.co\/index.php\/wp-json\/wp\/v2\/media\/7613"}],"wp:attachment":[{"href":"https:\/\/colombiaopina.com.co\/index.php\/wp-json\/wp\/v2\/media?parent=7607"}],"wp:term":[{"taxonomy":"category","embeddable":true,"href":"https:\/\/colombiaopina.com.co\/index.php\/wp-json\/wp\/v2\/categories?post=7607"},{"taxonomy":"post_tag","embeddable":true,"href":"https:\/\/colombiaopina.com.co\/index.php\/wp-json\/wp\/v2\/tags?post=7607"}],"curies":[{"name":"wp","href":"https:\/\/api.w.org\/{rel}","templated":true}]}}