{"id":7587,"date":"2024-08-14T10:40:01","date_gmt":"2024-08-14T15:40:01","guid":{"rendered":"https:\/\/colombiaopina.com.co\/?p=7587"},"modified":"2024-08-14T10:40:03","modified_gmt":"2024-08-14T15:40:03","slug":"ejercito-rescata-a-secuestrado-en-reten-militar-en-arauca-se-investiga-si-vehiculo-involucrado-pertenece-a-la-unp","status":"publish","type":"post","link":"https:\/\/colombiaopina.com.co\/index.php\/2024\/08\/14\/ejercito-rescata-a-secuestrado-en-reten-militar-en-arauca-se-investiga-si-vehiculo-involucrado-pertenece-a-la-unp\/","title":{"rendered":"Ej\u00e9rcito rescata a secuestrado en ret\u00e9n militar en Arauca: se investiga si veh\u00edculo involucrado pertenece a la UNP"},"content":{"rendered":"<p>En un operativo militar realizado en la v\u00eda que conecta Tame con Puerto Rond\u00f3n, Arauca, el Ej\u00e9rcito Nacional logr\u00f3 rescatar a un hombre secuestrado que era transportado dentro de una camioneta, cuya procedencia est\u00e1 bajo investigaci\u00f3n. Seg\u00fan informaron fuentes castrenses, se sospecha que el veh\u00edculo podr\u00eda pertenecer a la Unidad Nacional de Protecci\u00f3n (UNP), aunque esta informaci\u00f3n a\u00fan est\u00e1 en proceso de verificaci\u00f3n.<br><\/p><p>El incidente se desarroll\u00f3 cuando los soldados, encargados de garantizar la seguridad en la zona, notaron un comportamiento inusual en la camioneta. Al detener el veh\u00edculo, los uniformados descubrieron que uno de los ocupantes estaba siendo retenido contra su voluntad. Tras el hallazgo, los captores, presuntamente miembros del ELN, huyeron en diferentes direcciones, dejando atr\u00e1s al secuestrado, quien fue identificado como Angelino Parada.<br><\/p><p>Ante la posibilidad de que el veh\u00edculo involucrado perteneciera a la UNP, la entidad emiti\u00f3 un comunicado en la red social X, aclarando que el automotor no aparece registrado en sus bases de datos. Las autoridades judiciales est\u00e1n llevando a cabo una verificaci\u00f3n t\u00e9cnica de improntas y chasis para determinar la autenticidad del veh\u00edculo y confirmar si se trata de un automotor robado con placas adulteradas.<br><\/p><figure class=\"wp-block-image size-full\"><img loading=\"lazy\" decoding=\"async\" width=\"1024\" height=\"530\" src=\"https:\/\/colombiaopina.com.co\/wp-content\/uploads\/2024\/08\/IMG_5098.jpeg\" alt=\"\" class=\"wp-image-7570\" srcset=\"https:\/\/colombiaopina.com.co\/wp-content\/uploads\/2024\/08\/IMG_5098.jpeg 1024w, https:\/\/colombiaopina.com.co\/wp-content\/uploads\/2024\/08\/IMG_5098-300x155.jpeg 300w, https:\/\/colombiaopina.com.co\/wp-content\/uploads\/2024\/08\/IMG_5098-768x398.jpeg 768w, https:\/\/colombiaopina.com.co\/wp-content\/uploads\/2024\/08\/IMG_5098-150x78.jpeg 150w, https:\/\/colombiaopina.com.co\/wp-content\/uploads\/2024\/08\/IMG_5098-696x360.jpeg 696w, https:\/\/colombiaopina.com.co\/wp-content\/uploads\/2024\/08\/IMG_5098-600x311.jpeg 600w\" sizes=\"(max-width: 1024px) 100vw, 1024px\" \/><\/figure><p>El Ej\u00e9rcito Nacional, en un comunicado oficial, explic\u00f3 que el rescatado fue evacuado de la zona bajo la protecci\u00f3n de las tropas, y se le est\u00e1 brindando atenci\u00f3n m\u00e9dica mientras se adelantan las diligencias legales correspondientes. Este caso se suma a una serie de incidentes recientes en los que veh\u00edculos de la UNP han estado implicados en actividades delictivas, lo que ha generado preocupaci\u00f3n sobre el uso indebido de estos automotores.<br><\/p><p>Cabe recordar que hace poco en Antioquia, otro incidente involucr\u00f3 veh\u00edculos de la UNP, cuando una caravana en la que viajaban cabecillas de las disidencias de las Farc fue detenida en un ret\u00e9n militar. Estos hechos subrayan la necesidad de un control m\u00e1s estricto sobre los veh\u00edculos oficiales y el seguimiento de su uso para evitar que caigan en manos equivocadas.<\/p>","protected":false},"excerpt":{"rendered":"<p>En un operativo militar realizado en la v\u00eda que conecta Tame con Puerto Rond\u00f3n, Arauca, el Ej\u00e9rcito Nacional logr\u00f3 rescatar a un hombre secuestrado que era transportado dentro de una camioneta, cuya procedencia est\u00e1 bajo investigaci\u00f3n. Seg\u00fan informaron fuentes castrenses, se sospecha que el veh\u00edculo podr\u00eda pertenecer a la Unidad Nacional de Protecci\u00f3n (UNP), aunque [&hellip;]<\/p>\n","protected":false},"author":4,"featured_media":7569,"comment_status":"open","ping_status":"open","sticky":false,"template":"","format":"standard","meta":{"tdm_status":"","tdm_grid_status":"","_jetpack_memberships_contains_paid_content":false,"footnotes":""},"categories":[39,49,41],"tags":[2191,93,1945,127,2193,2192,65,1460],"class_list":{"0":"post-7587","1":"post","2":"type-post","3":"status-publish","4":"format-standard","5":"has-post-thumbnail","7":"category-colombia","8":"category-orden-publico","9":"category-seguridad","10":"tag-arauca","11":"tag-colombia","12":"tag-ejercito-2","13":"tag-orden-publico","14":"tag-reten-militar","15":"tag-secuestrado","16":"tag-seguridad","17":"tag-unp"},"jetpack_sharing_enabled":true,"jetpack_featured_media_url":"https:\/\/colombiaopina.com.co\/wp-content\/uploads\/2024\/08\/IMG_5097.jpeg","amp_enabled":true,"_links":{"self":[{"href":"https:\/\/colombiaopina.com.co\/index.php\/wp-json\/wp\/v2\/posts\/7587"}],"collection":[{"href":"https:\/\/colombiaopina.com.co\/index.php\/wp-json\/wp\/v2\/posts"}],"about":[{"href":"https:\/\/colombiaopina.com.co\/index.php\/wp-json\/wp\/v2\/types\/post"}],"author":[{"embeddable":true,"href":"https:\/\/colombiaopina.com.co\/index.php\/wp-json\/wp\/v2\/users\/4"}],"replies":[{"embeddable":true,"href":"https:\/\/colombiaopina.com.co\/index.php\/wp-json\/wp\/v2\/comments?post=7587"}],"version-history":[{"count":1,"href":"https:\/\/colombiaopina.com.co\/index.php\/wp-json\/wp\/v2\/posts\/7587\/revisions"}],"predecessor-version":[{"id":7588,"href":"https:\/\/colombiaopina.com.co\/index.php\/wp-json\/wp\/v2\/posts\/7587\/revisions\/7588"}],"wp:featuredmedia":[{"embeddable":true,"href":"https:\/\/colombiaopina.com.co\/index.php\/wp-json\/wp\/v2\/media\/7569"}],"wp:attachment":[{"href":"https:\/\/colombiaopina.com.co\/index.php\/wp-json\/wp\/v2\/media?parent=7587"}],"wp:term":[{"taxonomy":"category","embeddable":true,"href":"https:\/\/colombiaopina.com.co\/index.php\/wp-json\/wp\/v2\/categories?post=7587"},{"taxonomy":"post_tag","embeddable":true,"href":"https:\/\/colombiaopina.com.co\/index.php\/wp-json\/wp\/v2\/tags?post=7587"}],"curies":[{"name":"wp","href":"https:\/\/api.w.org\/{rel}","templated":true}]}}