{"id":753,"date":"2024-01-25T13:44:02","date_gmt":"2024-01-25T18:44:02","guid":{"rendered":"https:\/\/colombiaopina.com.co\/?p=753"},"modified":"2024-01-25T13:44:04","modified_gmt":"2024-01-25T18:44:04","slug":"hernan-cadavid-contraataca-proyecto-para-salvaguardar-la-calidad-en-la-direccion-de-entidades-gubernamentales","status":"publish","type":"post","link":"https:\/\/colombiaopina.com.co\/index.php\/2024\/01\/25\/hernan-cadavid-contraataca-proyecto-para-salvaguardar-la-calidad-en-la-direccion-de-entidades-gubernamentales\/","title":{"rendered":"Hern\u00e1n Cadavid contraataca: proyecto para salvaguardar la calidad en la direcci\u00f3n de entidades gubernamentales"},"content":{"rendered":"<p>El congresista Hern\u00e1n Cadavid, del Centro Democr\u00e1tico, ha anunciado su intenci\u00f3n de presentar un proyecto de ley en el Congreso para evitar la reducci\u00f3n de los requisitos para nombrar directores de entidades gubernamentales. Esta iniciativa surge como respuesta a las recientes decisiones del gobierno de Gustavo Petro, que, seg\u00fan Cadavid, han disminuido los requisitos para favorecer el nombramiento de amigos y activistas sin la suficiente experiencia o formaci\u00f3n.<\/p><p>Cadavid critic\u00f3 la decisi\u00f3n del gobierno de reducir la capacidad t\u00e9cnica en los nombramientos, argumentando que esto lleva a la politizaci\u00f3n de las entidades y compromete su eficiencia y efectividad. El proyecto que presentar\u00e1 busca establecer una serie de requisitos y filtros m\u00e1s rigurosos para los directores de estas entidades, incluyendo conceptos previos de la Funci\u00f3n P\u00fablica, de la Procuradur\u00eda General de la Naci\u00f3n y, en algunos casos, la participaci\u00f3n de la Sala de Consulta Civil del Consejo de Estado.<\/p><p>El congresista tambi\u00e9n ha pedido a la Procuradur\u00eda que revise las actuaciones de las personas que llegan a estas entidades donde se han disminuido los requisitos. Cadavid enfatiz\u00f3 la importancia de defender la funci\u00f3n p\u00fablica y evitar que se llene de activistas sin formaci\u00f3n adecuada.<\/p><figure class=\"wp-block-embed is-type-rich is-provider-twitter wp-block-embed-twitter\"><div class=\"wp-block-embed__wrapper\">\n<blockquote class=\"twitter-tweet\" data-width=\"550\" data-dnt=\"true\"><p lang=\"es\" dir=\"ltr\">Desde el gobierno \u2066<a href=\"https:\/\/twitter.com\/petrogustavo?ref_src=twsrc%5Etfw\">@petrogustavo<\/a>\u2069 han optado por disminuir requisitos para ser directivo de las entidades con la finalidad de dar puestos a sus amigos, o a los de la primera dama, que no cumplen con las calidades<br><br>\u00a1Vamos a poner fin a esta pr\u00e1ctica politiquera! Les cuento: <a href=\"https:\/\/t.co\/N4pvyyVaSq\">pic.twitter.com\/N4pvyyVaSq<\/a><\/p>&mdash; Hern\u00e1n Cadavid (@hernancadavidma) <a href=\"https:\/\/twitter.com\/hernancadavidma\/status\/1750320472770687154?ref_src=twsrc%5Etfw\">January 25, 2024<\/a><\/blockquote><script async src=\"https:\/\/platform.twitter.com\/widgets.js\" charset=\"utf-8\"><\/script>\n<\/div><\/figure><p>Este proyecto de ley surge en un contexto donde el gobierno ha modificado los requisitos para cargos importantes, como el director del Invima, ampliando el rango de profesiones elegibles para el cargo. Cadavid y otros cr\u00edticos ven estas acciones como una amenaza a la calidad y la t\u00e9cnica en la administraci\u00f3n p\u00fablica.<\/p>","protected":false},"excerpt":{"rendered":"<p>El congresista Hern\u00e1n Cadavid, del Centro Democr\u00e1tico, ha anunciado su intenci\u00f3n de presentar un proyecto de ley en el Congreso para evitar la reducci\u00f3n de los requisitos para nombrar directores de entidades gubernamentales. Esta iniciativa surge como respuesta a las recientes decisiones del gobierno de Gustavo Petro, que, seg\u00fan Cadavid, han disminuido los requisitos para [&hellip;]<\/p>\n","protected":false},"author":4,"featured_media":754,"comment_status":"open","ping_status":"open","sticky":false,"template":"","format":"standard","meta":{"tdm_status":"","tdm_grid_status":"","_jetpack_memberships_contains_paid_content":false,"footnotes":""},"categories":[38,89,46,86],"tags":[],"class_list":{"0":"post-753","1":"post","2":"type-post","3":"status-publish","4":"format-standard","5":"has-post-thumbnail","7":"category-antioquia","8":"category-economia","9":"category-gobierno","10":"category-politica"},"jetpack_sharing_enabled":true,"jetpack_featured_media_url":"https:\/\/colombiaopina.com.co\/wp-content\/uploads\/2024\/01\/sw2tT2Sc.jpeg","amp_enabled":true,"_links":{"self":[{"href":"https:\/\/colombiaopina.com.co\/index.php\/wp-json\/wp\/v2\/posts\/753"}],"collection":[{"href":"https:\/\/colombiaopina.com.co\/index.php\/wp-json\/wp\/v2\/posts"}],"about":[{"href":"https:\/\/colombiaopina.com.co\/index.php\/wp-json\/wp\/v2\/types\/post"}],"author":[{"embeddable":true,"href":"https:\/\/colombiaopina.com.co\/index.php\/wp-json\/wp\/v2\/users\/4"}],"replies":[{"embeddable":true,"href":"https:\/\/colombiaopina.com.co\/index.php\/wp-json\/wp\/v2\/comments?post=753"}],"version-history":[{"count":1,"href":"https:\/\/colombiaopina.com.co\/index.php\/wp-json\/wp\/v2\/posts\/753\/revisions"}],"predecessor-version":[{"id":755,"href":"https:\/\/colombiaopina.com.co\/index.php\/wp-json\/wp\/v2\/posts\/753\/revisions\/755"}],"wp:featuredmedia":[{"embeddable":true,"href":"https:\/\/colombiaopina.com.co\/index.php\/wp-json\/wp\/v2\/media\/754"}],"wp:attachment":[{"href":"https:\/\/colombiaopina.com.co\/index.php\/wp-json\/wp\/v2\/media?parent=753"}],"wp:term":[{"taxonomy":"category","embeddable":true,"href":"https:\/\/colombiaopina.com.co\/index.php\/wp-json\/wp\/v2\/categories?post=753"},{"taxonomy":"post_tag","embeddable":true,"href":"https:\/\/colombiaopina.com.co\/index.php\/wp-json\/wp\/v2\/tags?post=753"}],"curies":[{"name":"wp","href":"https:\/\/api.w.org\/{rel}","templated":true}]}}