{"id":7499,"date":"2024-08-12T11:44:47","date_gmt":"2024-08-12T16:44:47","guid":{"rendered":"https:\/\/colombiaopina.com.co\/?p=7499"},"modified":"2024-08-12T11:44:49","modified_gmt":"2024-08-12T16:44:49","slug":"revelador-video-de-mauricio-leal-en-sus-ultimos-momentos-reabre-debate-sobre-su-muerte-que-hago","status":"publish","type":"post","link":"https:\/\/colombiaopina.com.co\/index.php\/2024\/08\/12\/revelador-video-de-mauricio-leal-en-sus-ultimos-momentos-reabre-debate-sobre-su-muerte-que-hago\/","title":{"rendered":"Revelador video de Mauricio Leal en sus \u00faltimos momentos reabre debate sobre su muerte: \u201c\u00bfQu\u00e9 hago?\u201d"},"content":{"rendered":"<p>Un impactante video de 47 segundos, en el que aparece el estilista colombiano Mauricio Leal en sus \u00faltimos momentos de vida, ha salido a la luz, reabriendo el debate sobre su tr\u00e1gica muerte y la de su madre, Marleny Hern\u00e1ndez. En el video, Leal, acostado en su cama y cubierto con una cobija blanca, muestra su torso ensangrentado mientras pronuncia las palabras: \u201cHola a todos, perd\u00f3nenme. No puedo m\u00e1s, nadie sabe lo de nadie. Me acabo de enterrar cuchillos y a mi mam\u00e1 tambi\u00e9n. \u00bfQu\u00e9 hago? \u00bfQu\u00e9 hago?\u201d.<\/p><p>El video, encontrado en el celular de Leal, se ha convertido en una pieza clave que no se hab\u00eda presentado durante el proceso judicial en el que Jhonier Leal, hermano del estilista, fue condenado como el \u00fanico responsable del doble homicidio. La grabaci\u00f3n tambi\u00e9n muestra el cuerpo de una mujer, que ser\u00eda el de Marleny Hern\u00e1ndez, yaciendo junto a Leal, lo que ha generado nuevas dudas sobre los eventos que ocurrieron el 21 de noviembre de 2021.<\/p><figure class=\"wp-block-image size-full\"><img loading=\"lazy\" decoding=\"async\" width=\"828\" height=\"552\" src=\"https:\/\/colombiaopina.com.co\/wp-content\/uploads\/2024\/08\/IMG_4977.jpeg\" alt=\"\" class=\"wp-image-7481\" srcset=\"https:\/\/colombiaopina.com.co\/wp-content\/uploads\/2024\/08\/IMG_4977.jpeg 828w, https:\/\/colombiaopina.com.co\/wp-content\/uploads\/2024\/08\/IMG_4977-300x200.jpeg 300w, https:\/\/colombiaopina.com.co\/wp-content\/uploads\/2024\/08\/IMG_4977-768x512.jpeg 768w, https:\/\/colombiaopina.com.co\/wp-content\/uploads\/2024\/08\/IMG_4977-150x100.jpeg 150w, https:\/\/colombiaopina.com.co\/wp-content\/uploads\/2024\/08\/IMG_4977-696x464.jpeg 696w, https:\/\/colombiaopina.com.co\/wp-content\/uploads\/2024\/08\/IMG_4977-600x400.jpeg 600w\" sizes=\"(max-width: 828px) 100vw, 828px\" \/><\/figure><p>Este nuevo material fue dado a conocer por el portal Focus Noticias y, seg\u00fan se inform\u00f3, fue encontrado por el equipo de producci\u00f3n del documental \u00abCa\u00edn\u00bb, que actualmente trabaja en un proyecto cinematogr\u00e1fico sobre el caso. La aparici\u00f3n del video ha provocado que la abogada Ana Julieth Vel\u00e1squez, quien en su momento represent\u00f3 a Jhonier Leal, anuncie que retomar\u00e1 su defensa, argumentando que hubo irregularidades en el proceso judicial y que se omitieron pruebas cruciales.<\/p><p>El caso de Mauricio Leal, reconocido estilista de celebridades, ha sido uno de los m\u00e1s medi\u00e1ticos en Colombia. La reciente publicaci\u00f3n de este video no solo ha reavivado el inter\u00e9s p\u00fablico, sino que tambi\u00e9n podr\u00eda abrir la puerta a nuevas investigaciones y revisiones del caso, en medio de crecientes cuestionamientos sobre la transparencia y la exhaustividad del proceso judicial que llev\u00f3 a la condena de Jhonier Leal.<\/p>","protected":false},"excerpt":{"rendered":"<p>Un impactante video de 47 segundos, en el que aparece el estilista colombiano Mauricio Leal en sus \u00faltimos momentos de vida, ha salido a la luz, reabriendo el debate sobre su tr\u00e1gica muerte y la de su madre, Marleny Hern\u00e1ndez. En el video, Leal, acostado en su cama y cubierto con una cobija blanca, muestra [&hellip;]<\/p>\n","protected":false},"author":4,"featured_media":7482,"comment_status":"open","ping_status":"open","sticky":false,"template":"","format":"standard","meta":{"tdm_status":"","tdm_grid_status":"","_jetpack_memberships_contains_paid_content":false,"footnotes":""},"categories":[39],"tags":[93,2177,277],"class_list":{"0":"post-7499","1":"post","2":"type-post","3":"status-publish","4":"format-standard","5":"has-post-thumbnail","7":"category-colombia","8":"tag-colombia","9":"tag-mauricio-leal","10":"tag-muerte"},"jetpack_sharing_enabled":true,"jetpack_featured_media_url":"https:\/\/colombiaopina.com.co\/wp-content\/uploads\/2024\/08\/IMG_4978.jpeg","amp_enabled":true,"_links":{"self":[{"href":"https:\/\/colombiaopina.com.co\/index.php\/wp-json\/wp\/v2\/posts\/7499"}],"collection":[{"href":"https:\/\/colombiaopina.com.co\/index.php\/wp-json\/wp\/v2\/posts"}],"about":[{"href":"https:\/\/colombiaopina.com.co\/index.php\/wp-json\/wp\/v2\/types\/post"}],"author":[{"embeddable":true,"href":"https:\/\/colombiaopina.com.co\/index.php\/wp-json\/wp\/v2\/users\/4"}],"replies":[{"embeddable":true,"href":"https:\/\/colombiaopina.com.co\/index.php\/wp-json\/wp\/v2\/comments?post=7499"}],"version-history":[{"count":1,"href":"https:\/\/colombiaopina.com.co\/index.php\/wp-json\/wp\/v2\/posts\/7499\/revisions"}],"predecessor-version":[{"id":7500,"href":"https:\/\/colombiaopina.com.co\/index.php\/wp-json\/wp\/v2\/posts\/7499\/revisions\/7500"}],"wp:featuredmedia":[{"embeddable":true,"href":"https:\/\/colombiaopina.com.co\/index.php\/wp-json\/wp\/v2\/media\/7482"}],"wp:attachment":[{"href":"https:\/\/colombiaopina.com.co\/index.php\/wp-json\/wp\/v2\/media?parent=7499"}],"wp:term":[{"taxonomy":"category","embeddable":true,"href":"https:\/\/colombiaopina.com.co\/index.php\/wp-json\/wp\/v2\/categories?post=7499"},{"taxonomy":"post_tag","embeddable":true,"href":"https:\/\/colombiaopina.com.co\/index.php\/wp-json\/wp\/v2\/tags?post=7499"}],"curies":[{"name":"wp","href":"https:\/\/api.w.org\/{rel}","templated":true}]}}