{"id":7495,"date":"2024-08-12T11:41:31","date_gmt":"2024-08-12T16:41:31","guid":{"rendered":"https:\/\/colombiaopina.com.co\/?p=7495"},"modified":"2024-08-12T11:41:32","modified_gmt":"2024-08-12T16:41:32","slug":"tragedia-en-gaza-bombardeo-israeli-a-escuela-con-refugiados-deja-mas-de-90-muertos-incluyendo-11-ninos","status":"publish","type":"post","link":"https:\/\/colombiaopina.com.co\/index.php\/2024\/08\/12\/tragedia-en-gaza-bombardeo-israeli-a-escuela-con-refugiados-deja-mas-de-90-muertos-incluyendo-11-ninos\/","title":{"rendered":"Tragedia en Gaza: bombardeo israel\u00ed a escuela con refugiados deja m\u00e1s de 90 muertos, incluyendo 11 ni\u00f1os"},"content":{"rendered":"<p>En un devastador ataque ocurrido en la madrugada del s\u00e1bado, una escuela cor\u00e1nica en Gaza, que albergaba a desplazados, fue bombardeada por el ej\u00e9rcito israel\u00ed, dejando un saldo de al menos 93 muertos, entre ellos 11 ni\u00f1os. El ataque, que se produjo durante la oraci\u00f3n del alba, ha sido uno de los m\u00e1s mort\u00edferos desde que comenz\u00f3 la guerra en octubre pasado, seg\u00fan inform\u00f3 la defensa civil de Gaza.<\/p><p>La escuela al-Tabi\u2019een, situada en el centro de Ciudad de Gaza, acog\u00eda a unos 250 desplazados, en su mayor\u00eda mujeres y ni\u00f1os. Durante el ataque, varios misiles impactaron en dos pisos del edificio y en la mezquita adyacente, causando una destrucci\u00f3n masiva y dejando decenas de heridos, muchos de los cuales se encuentran en estado cr\u00edtico. Los rescatistas describieron escenas desgarradoras, con cuerpos amontonados y partes humanas esparcidas entre los escombros.<\/p><figure class=\"wp-block-image size-large\"><img loading=\"lazy\" decoding=\"async\" width=\"1024\" height=\"512\" src=\"https:\/\/colombiaopina.com.co\/wp-content\/uploads\/2024\/08\/IMG_4979-1024x512.jpeg\" alt=\"\" class=\"wp-image-7483\" srcset=\"https:\/\/colombiaopina.com.co\/wp-content\/uploads\/2024\/08\/IMG_4979-1024x512.jpeg 1024w, https:\/\/colombiaopina.com.co\/wp-content\/uploads\/2024\/08\/IMG_4979-300x150.jpeg 300w, https:\/\/colombiaopina.com.co\/wp-content\/uploads\/2024\/08\/IMG_4979-768x384.jpeg 768w, https:\/\/colombiaopina.com.co\/wp-content\/uploads\/2024\/08\/IMG_4979-150x75.jpeg 150w, https:\/\/colombiaopina.com.co\/wp-content\/uploads\/2024\/08\/IMG_4979-696x348.jpeg 696w, https:\/\/colombiaopina.com.co\/wp-content\/uploads\/2024\/08\/IMG_4979-1068x534.jpeg 1068w, https:\/\/colombiaopina.com.co\/wp-content\/uploads\/2024\/08\/IMG_4979-600x300.jpeg 600w, https:\/\/colombiaopina.com.co\/wp-content\/uploads\/2024\/08\/IMG_4979.jpeg 1200w\" sizes=\"(max-width: 1024px) 100vw, 1024px\" \/><\/figure><p>El ej\u00e9rcito israel\u00ed defendi\u00f3 el bombardeo argumentando que tanto la escuela como la mezquita estaban siendo utilizadas por Ham\u00e1s y la Yihad Isl\u00e1mica como centros de operaciones militares. Sin embargo, este ataque ha provocado una fuerte condena internacional. La relatora especial de Naciones Unidas para los Territorios Palestinos, Francesca Albanese, acus\u00f3 a Israel de cometer un \u00abgenocidio de los palestinos\u00bb, mientras que pa\u00edses como Catar, Arabia Saudita y Turqu\u00eda calificaron el incidente como un \u00abcrimen de guerra\u00bb y exigieron una investigaci\u00f3n internacional urgente.<\/p><p>El conflicto, que ya ha cobrado la vida de m\u00e1s de 39,000 personas en Gaza, sigue intensific\u00e1ndose, y la comunidad internacional clama por un alto el fuego. A pesar de las presiones, las negociaciones para una tregua se mantienen en un punto muerto, con ambas partes prepar\u00e1ndose para m\u00e1s enfrentamientos en una regi\u00f3n que contin\u00faa sumida en la violencia.<\/p>","protected":false},"excerpt":{"rendered":"<p>En un devastador ataque ocurrido en la madrugada del s\u00e1bado, una escuela cor\u00e1nica en Gaza, que albergaba a desplazados, fue bombardeada por el ej\u00e9rcito israel\u00ed, dejando un saldo de al menos 93 muertos, entre ellos 11 ni\u00f1os. El ataque, que se produjo durante la oraci\u00f3n del alba, ha sido uno de los m\u00e1s mort\u00edferos desde [&hellip;]<\/p>\n","protected":false},"author":4,"featured_media":7484,"comment_status":"open","ping_status":"open","sticky":false,"template":"","format":"standard","meta":{"tdm_status":"","tdm_grid_status":"","_jetpack_memberships_contains_paid_content":false,"footnotes":""},"categories":[53,41],"tags":[2176,559,1726,2174,2175],"class_list":{"0":"post-7495","1":"post","2":"type-post","3":"status-publish","4":"format-standard","5":"has-post-thumbnail","7":"category-internacional","8":"category-seguridad","9":"tag-bombardeo","10":"tag-escuela","11":"tag-gaza","12":"tag-israeal","13":"tag-refugiados"},"jetpack_sharing_enabled":true,"jetpack_featured_media_url":"https:\/\/colombiaopina.com.co\/wp-content\/uploads\/2024\/08\/IMG_4980.webp","amp_enabled":true,"_links":{"self":[{"href":"https:\/\/colombiaopina.com.co\/index.php\/wp-json\/wp\/v2\/posts\/7495"}],"collection":[{"href":"https:\/\/colombiaopina.com.co\/index.php\/wp-json\/wp\/v2\/posts"}],"about":[{"href":"https:\/\/colombiaopina.com.co\/index.php\/wp-json\/wp\/v2\/types\/post"}],"author":[{"embeddable":true,"href":"https:\/\/colombiaopina.com.co\/index.php\/wp-json\/wp\/v2\/users\/4"}],"replies":[{"embeddable":true,"href":"https:\/\/colombiaopina.com.co\/index.php\/wp-json\/wp\/v2\/comments?post=7495"}],"version-history":[{"count":1,"href":"https:\/\/colombiaopina.com.co\/index.php\/wp-json\/wp\/v2\/posts\/7495\/revisions"}],"predecessor-version":[{"id":7497,"href":"https:\/\/colombiaopina.com.co\/index.php\/wp-json\/wp\/v2\/posts\/7495\/revisions\/7497"}],"wp:featuredmedia":[{"embeddable":true,"href":"https:\/\/colombiaopina.com.co\/index.php\/wp-json\/wp\/v2\/media\/7484"}],"wp:attachment":[{"href":"https:\/\/colombiaopina.com.co\/index.php\/wp-json\/wp\/v2\/media?parent=7495"}],"wp:term":[{"taxonomy":"category","embeddable":true,"href":"https:\/\/colombiaopina.com.co\/index.php\/wp-json\/wp\/v2\/categories?post=7495"},{"taxonomy":"post_tag","embeddable":true,"href":"https:\/\/colombiaopina.com.co\/index.php\/wp-json\/wp\/v2\/tags?post=7495"}],"curies":[{"name":"wp","href":"https:\/\/api.w.org\/{rel}","templated":true}]}}