{"id":7457,"date":"2024-08-12T10:19:59","date_gmt":"2024-08-12T15:19:59","guid":{"rendered":"https:\/\/colombiaopina.com.co\/?p=7457"},"modified":"2024-08-12T10:20:01","modified_gmt":"2024-08-12T15:20:01","slug":"juan-ernesto-ortiz-grajales-el-nuevo-campeon-del-desfile-de-silleteros-2024","status":"publish","type":"post","link":"https:\/\/colombiaopina.com.co\/index.php\/2024\/08\/12\/juan-ernesto-ortiz-grajales-el-nuevo-campeon-del-desfile-de-silleteros-2024\/","title":{"rendered":"Juan Ernesto Ortiz Grajales, el nuevo campe\u00f3n del Desfile de Silleteros 2024"},"content":{"rendered":"<p>En el marco de la 67.\u00aa edici\u00f3n del Desfile de Silleteros, uno de los eventos m\u00e1s emblem\u00e1ticos de la Feria de las Flores en Medell\u00edn, Juan Ernesto Ortiz Grajales se alz\u00f3 como el ganador absoluto del certamen. Este talentoso campesino, originario de la vereda El Placer, en el corregimiento de Santa Elena, destac\u00f3 en la categor\u00eda Monumental, consolid\u00e1ndose como uno de los silleteros m\u00e1s respetados y admirados de la regi\u00f3n.<br><\/p><p>Ortiz Grajales no es ajeno al \u00e9xito en este prestigioso desfile. Ya hab\u00eda sido coronado como ganador absoluto en 2019, y en 2022 obtuvo el segundo lugar. Su dedicaci\u00f3n, creatividad y profundo respeto por la tradici\u00f3n silletera lo han llevado a ser finalista en varias ediciones, convirti\u00e9ndolo en un referente para las nuevas generaciones de silleteros.<br><\/p><p>La competencia de este a\u00f1o fue intensa, con la participaci\u00f3n de 530 silleteros, entre ellos 430 adultos, 50 ni\u00f1os y 50 j\u00f3venes. La diversidad de categor\u00edas en el desfile permiti\u00f3 que otros talentos tambi\u00e9n brillaran. Mar\u00eda Carolina Atehort\u00faa, de la vereda La Palma, se llev\u00f3 el primer lugar en la categor\u00eda Emblem\u00e1tica por segundo a\u00f1o consecutivo, mientras que Dorigo de Jes\u00fas Zapata Alzate, de la vereda El Placer, gan\u00f3 en la categor\u00eda Tradicional. En la categor\u00eda Art\u00edstica, el primer lugar fue para Edwin Camilo Ram\u00edrez Atehort\u00faa, de la vereda Barro Blanco.<br><\/p><figure class=\"wp-block-image size-large\"><img loading=\"lazy\" decoding=\"async\" width=\"1024\" height=\"683\" src=\"https:\/\/colombiaopina.com.co\/wp-content\/uploads\/2024\/08\/IMG_4948-1024x683.jpeg\" alt=\"\" class=\"wp-image-7428\" srcset=\"https:\/\/colombiaopina.com.co\/wp-content\/uploads\/2024\/08\/IMG_4948-1024x683.jpeg 1024w, https:\/\/colombiaopina.com.co\/wp-content\/uploads\/2024\/08\/IMG_4948-300x200.jpeg 300w, https:\/\/colombiaopina.com.co\/wp-content\/uploads\/2024\/08\/IMG_4948-768x512.jpeg 768w, https:\/\/colombiaopina.com.co\/wp-content\/uploads\/2024\/08\/IMG_4948-150x100.jpeg 150w, https:\/\/colombiaopina.com.co\/wp-content\/uploads\/2024\/08\/IMG_4948-696x464.jpeg 696w, https:\/\/colombiaopina.com.co\/wp-content\/uploads\/2024\/08\/IMG_4948-1068x712.jpeg 1068w, https:\/\/colombiaopina.com.co\/wp-content\/uploads\/2024\/08\/IMG_4948-600x400.jpeg 600w, https:\/\/colombiaopina.com.co\/wp-content\/uploads\/2024\/08\/IMG_4948.jpeg 1200w\" sizes=\"(max-width: 1024px) 100vw, 1024px\" \/><\/figure><p>El impacto econ\u00f3mico del desfile tambi\u00e9n fue notable. La Alcald\u00eda de Medell\u00edn increment\u00f3 el apoyo a las familias silleteras, destinando 1.900 millones de pesos, un 14.8% m\u00e1s que el a\u00f1o anterior. Este apoyo no solo refleja el compromiso de la ciudad con la preservaci\u00f3n de esta tradici\u00f3n, sino tambi\u00e9n el reconocimiento al arduo trabajo que realizan los silleteros para mantener viva una de las expresiones culturales m\u00e1s importantes de Colombia.<br><\/p><p>El Desfile de Silleteros 2024 no solo celebr\u00f3 la habilidad y dedicaci\u00f3n de sus participantes, sino que tambi\u00e9n reafirm\u00f3 la importancia de conservar y promover las tradiciones que definen la identidad cultural de Antioquia y el pa\u00eds entero. Con su victoria, Juan Ernesto Ortiz Grajales contin\u00faa escribiendo su historia en el coraz\u00f3n de Santa Elena y en el de todos los colombianos que cada a\u00f1o se emocionan con la belleza y el simbolismo de las silletas.<\/p>","protected":false},"excerpt":{"rendered":"<p>En el marco de la 67.\u00aa edici\u00f3n del Desfile de Silleteros, uno de los eventos m\u00e1s emblem\u00e1ticos de la Feria de las Flores en Medell\u00edn, Juan Ernesto Ortiz Grajales se alz\u00f3 como el ganador absoluto del certamen. Este talentoso campesino, originario de la vereda El Placer, en el corregimiento de Santa Elena, destac\u00f3 en la [&hellip;]<\/p>\n","protected":false},"author":4,"featured_media":7429,"comment_status":"open","ping_status":"open","sticky":false,"template":"","format":"standard","meta":{"tdm_status":"","tdm_grid_status":"","_jetpack_memberships_contains_paid_content":false,"footnotes":""},"categories":[38,43,54],"tags":[282,2158,2090,2157,62,2156],"class_list":{"0":"post-7457","1":"post","2":"type-post","3":"status-publish","4":"format-standard","5":"has-post-thumbnail","7":"category-antioquia","8":"category-cultura","9":"category-medellin","10":"tag-antioquia","11":"tag-campeon","12":"tag-feria-de-las-flores","13":"tag-juan-ortiz","14":"tag-medellin","15":"tag-silleteros"},"jetpack_sharing_enabled":true,"jetpack_featured_media_url":"https:\/\/colombiaopina.com.co\/wp-content\/uploads\/2024\/08\/IMG_4949.jpeg","amp_enabled":true,"_links":{"self":[{"href":"https:\/\/colombiaopina.com.co\/index.php\/wp-json\/wp\/v2\/posts\/7457"}],"collection":[{"href":"https:\/\/colombiaopina.com.co\/index.php\/wp-json\/wp\/v2\/posts"}],"about":[{"href":"https:\/\/colombiaopina.com.co\/index.php\/wp-json\/wp\/v2\/types\/post"}],"author":[{"embeddable":true,"href":"https:\/\/colombiaopina.com.co\/index.php\/wp-json\/wp\/v2\/users\/4"}],"replies":[{"embeddable":true,"href":"https:\/\/colombiaopina.com.co\/index.php\/wp-json\/wp\/v2\/comments?post=7457"}],"version-history":[{"count":1,"href":"https:\/\/colombiaopina.com.co\/index.php\/wp-json\/wp\/v2\/posts\/7457\/revisions"}],"predecessor-version":[{"id":7459,"href":"https:\/\/colombiaopina.com.co\/index.php\/wp-json\/wp\/v2\/posts\/7457\/revisions\/7459"}],"wp:featuredmedia":[{"embeddable":true,"href":"https:\/\/colombiaopina.com.co\/index.php\/wp-json\/wp\/v2\/media\/7429"}],"wp:attachment":[{"href":"https:\/\/colombiaopina.com.co\/index.php\/wp-json\/wp\/v2\/media?parent=7457"}],"wp:term":[{"taxonomy":"category","embeddable":true,"href":"https:\/\/colombiaopina.com.co\/index.php\/wp-json\/wp\/v2\/categories?post=7457"},{"taxonomy":"post_tag","embeddable":true,"href":"https:\/\/colombiaopina.com.co\/index.php\/wp-json\/wp\/v2\/tags?post=7457"}],"curies":[{"name":"wp","href":"https:\/\/api.w.org\/{rel}","templated":true}]}}