{"id":7455,"date":"2024-08-12T10:17:01","date_gmt":"2024-08-12T15:17:01","guid":{"rendered":"https:\/\/colombiaopina.com.co\/?p=7455"},"modified":"2024-08-12T10:17:03","modified_gmt":"2024-08-12T15:17:03","slug":"caterine-ibarguen-critica-duramente-al-gobierno-por-recorte-presupuestal-al-deporte-colombiano","status":"publish","type":"post","link":"https:\/\/colombiaopina.com.co\/index.php\/2024\/08\/12\/caterine-ibarguen-critica-duramente-al-gobierno-por-recorte-presupuestal-al-deporte-colombiano\/","title":{"rendered":"Caterine Ibarg\u00fcen critica duramente al Gobierno por recorte presupuestal al deporte colombiano:"},"content":{"rendered":"<p>\u201cEl deporte es la mejor cara de Colombia\u201d<br>La legendaria atleta colombiana Caterine Ibarg\u00fcen, doble medallista ol\u00edmpica, ha lanzado una cr\u00edtica contundente al Gobierno de Gustavo Petro por la reducci\u00f3n del presupuesto destinado al deporte nacional. La deportista, conocida por sus logros en el atletismo mundial, expres\u00f3 su preocupaci\u00f3n por las implicaciones de este recorte, especialmente en el contexto de la participaci\u00f3n de Colombia en los Juegos Ol\u00edmpicos de Par\u00eds 2024.<br><\/p><p>Ibarg\u00fcen, quien ha sido una figura emblem\u00e1tica del deporte colombiano, se\u00f1al\u00f3 que el recorte presupuestal no solo afecta a los atletas, sino tambi\u00e9n al desarrollo del deporte en las nuevas generaciones. \u00abTenemos que hablar del presupuesto del deporte, eso nos tiene en angustia a todos. No podemos seguir trabajando solo con el talento humano. Recortando el presupuesto no es la mejor soluci\u00f3n\u00bb, afirm\u00f3, destacando la importancia del deporte como una herramienta de transformaci\u00f3n social en el pa\u00eds.<br><\/p><figure class=\"wp-block-image size-full\"><img loading=\"lazy\" decoding=\"async\" width=\"1024\" height=\"707\" src=\"https:\/\/colombiaopina.com.co\/wp-content\/uploads\/2024\/08\/IMG_4946.webp\" alt=\"\" class=\"wp-image-7426\" srcset=\"https:\/\/colombiaopina.com.co\/wp-content\/uploads\/2024\/08\/IMG_4946.webp 1024w, https:\/\/colombiaopina.com.co\/wp-content\/uploads\/2024\/08\/IMG_4946-300x207.webp 300w, https:\/\/colombiaopina.com.co\/wp-content\/uploads\/2024\/08\/IMG_4946-768x530.webp 768w, https:\/\/colombiaopina.com.co\/wp-content\/uploads\/2024\/08\/IMG_4946-150x104.webp 150w, https:\/\/colombiaopina.com.co\/wp-content\/uploads\/2024\/08\/IMG_4946-218x150.webp 218w, https:\/\/colombiaopina.com.co\/wp-content\/uploads\/2024\/08\/IMG_4946-696x481.webp 696w, https:\/\/colombiaopina.com.co\/wp-content\/uploads\/2024\/08\/IMG_4946-600x414.webp 600w\" sizes=\"(max-width: 1024px) 100vw, 1024px\" \/><\/figure><p>La situaci\u00f3n se torna a\u00fan m\u00e1s cr\u00edtica al considerar el desempe\u00f1o de la delegaci\u00f3n colombiana en Par\u00eds, que hasta el momento ha conseguido tres medallas de plata y se ubica en el puesto 67 del medallero. Flor Denis Ruiz, quien finaliz\u00f3 en el quinto lugar en lanzamiento de jabalina, y otros deportistas que han logrado resultados destacados, pero sin alcanzar el podio, han sido objeto de cr\u00edticas, lo que Ibarg\u00fcen considera injusto dado el esfuerzo y sacrificio de los atletas. \u00abEl deporte es la mejor cara de Colombia y yo exijo respeto por todos los atletas\u00bb, sentenci\u00f3.<br><\/p><p>El recorte presupuestal para el deporte, confirmado por la ministra del Deporte, Luz Cristina L\u00f3pez, implica una reducci\u00f3n significativa en los recursos para 2025. Seg\u00fan la ministra, la crisis fiscal que atraviesa el pa\u00eds ha obligado a tomar estas decisiones, lo que plantea un desaf\u00edo considerable para el futuro del deporte en Colombia. Ibarg\u00fcen, con su mensaje, ha puesto de relieve la urgencia de reconsiderar esta medida, subrayando que el apoyo al deporte no solo es una inversi\u00f3n en medallas, sino en el futuro y bienestar de toda una naci\u00f3n.<\/p>","protected":false},"excerpt":{"rendered":"<p>\u201cEl deporte es la mejor cara de Colombia\u201dLa legendaria atleta colombiana Caterine Ibarg\u00fcen, doble medallista ol\u00edmpica, ha lanzado una cr\u00edtica contundente al Gobierno de Gustavo Petro por la reducci\u00f3n del presupuesto destinado al deporte nacional. La deportista, conocida por sus logros en el atletismo mundial, expres\u00f3 su preocupaci\u00f3n por las implicaciones de este recorte, especialmente [&hellip;]<\/p>\n","protected":false},"author":4,"featured_media":7427,"comment_status":"open","ping_status":"open","sticky":false,"template":"","format":"standard","meta":{"tdm_status":"","tdm_grid_status":"","_jetpack_memberships_contains_paid_content":false,"footnotes":""},"categories":[39,47,46],"tags":[2155,93,227,253],"class_list":{"0":"post-7455","1":"post","2":"type-post","3":"status-publish","4":"format-standard","5":"has-post-thumbnail","7":"category-colombia","8":"category-deportes","9":"category-gobierno","10":"tag-caterine-ibaruen","11":"tag-colombia","12":"tag-gobierno","13":"tag-presupuesto"},"jetpack_sharing_enabled":true,"jetpack_featured_media_url":"https:\/\/colombiaopina.com.co\/wp-content\/uploads\/2024\/08\/IMG_4947.jpeg","amp_enabled":true,"_links":{"self":[{"href":"https:\/\/colombiaopina.com.co\/index.php\/wp-json\/wp\/v2\/posts\/7455"}],"collection":[{"href":"https:\/\/colombiaopina.com.co\/index.php\/wp-json\/wp\/v2\/posts"}],"about":[{"href":"https:\/\/colombiaopina.com.co\/index.php\/wp-json\/wp\/v2\/types\/post"}],"author":[{"embeddable":true,"href":"https:\/\/colombiaopina.com.co\/index.php\/wp-json\/wp\/v2\/users\/4"}],"replies":[{"embeddable":true,"href":"https:\/\/colombiaopina.com.co\/index.php\/wp-json\/wp\/v2\/comments?post=7455"}],"version-history":[{"count":1,"href":"https:\/\/colombiaopina.com.co\/index.php\/wp-json\/wp\/v2\/posts\/7455\/revisions"}],"predecessor-version":[{"id":7458,"href":"https:\/\/colombiaopina.com.co\/index.php\/wp-json\/wp\/v2\/posts\/7455\/revisions\/7458"}],"wp:featuredmedia":[{"embeddable":true,"href":"https:\/\/colombiaopina.com.co\/index.php\/wp-json\/wp\/v2\/media\/7427"}],"wp:attachment":[{"href":"https:\/\/colombiaopina.com.co\/index.php\/wp-json\/wp\/v2\/media?parent=7455"}],"wp:term":[{"taxonomy":"category","embeddable":true,"href":"https:\/\/colombiaopina.com.co\/index.php\/wp-json\/wp\/v2\/categories?post=7455"},{"taxonomy":"post_tag","embeddable":true,"href":"https:\/\/colombiaopina.com.co\/index.php\/wp-json\/wp\/v2\/tags?post=7455"}],"curies":[{"name":"wp","href":"https:\/\/api.w.org\/{rel}","templated":true}]}}