{"id":7403,"date":"2024-08-09T09:58:46","date_gmt":"2024-08-09T14:58:46","guid":{"rendered":"https:\/\/colombiaopina.com.co\/?p=7403"},"modified":"2024-08-09T09:58:48","modified_gmt":"2024-08-09T14:58:48","slug":"maduro-ordena-suspender-la-red-social-x-en-venezuela-durante-10-dias-acusa-a-musk-de-orquestar-un-golpe-cibernetico","status":"publish","type":"post","link":"https:\/\/colombiaopina.com.co\/index.php\/2024\/08\/09\/maduro-ordena-suspender-la-red-social-x-en-venezuela-durante-10-dias-acusa-a-musk-de-orquestar-un-golpe-cibernetico\/","title":{"rendered":"Maduro ordena suspender la red social X en Venezuela durante 10 d\u00edas: acusa a Musk de orquestar un \u201cgolpe cibern\u00e9tico\u201d"},"content":{"rendered":"<p>En un movimiento inesperado, el presidente de Venezuela, Nicol\u00e1s Maduro, ha ordenado la suspensi\u00f3n de la red social X (anteriormente conocida como Twitter) en el pa\u00eds por un per\u00edodo de 10 d\u00edas. Seg\u00fan el mandatario, esta medida busca que la empresa, propiedad de Elon Musk, presente \u201crecaudos\u201d ante las autoridades venezolanas para cumplir con las leyes locales. La decisi\u00f3n fue anunciada durante un acto pol\u00edtico y respaldada por la Comisi\u00f3n Nacional de Telecomunicaciones (Conatel).<\/p><p>Maduro justific\u00f3 la suspensi\u00f3n de X al afirmar que la plataforma ha sido utilizada para \u201csembrar violencia y odio\u201d en Venezuela, y acus\u00f3 a Musk de estar involucrado en un \u201cgolpe de Estado cibern\u00e9tico\u201d contra su gobierno. El presidente reiter\u00f3 su postura de que las redes sociales controladas por empresas extranjeras han sido herramientas de desestabilizaci\u00f3n y anunci\u00f3 que su administraci\u00f3n buscar\u00e1 desarrollar nuevas plataformas nacionales que est\u00e9n libres de estas influencias.<\/p><p>Este anuncio se produce poco despu\u00e9s de que Maduro tambi\u00e9n pidiera el retiro progresivo de WhatsApp en Venezuela, calificando a la aplicaci\u00f3n como un \u201cmultiplicador de odio\u201d. El presidente asegur\u00f3 que estas medidas forman parte de un esfuerzo m\u00e1s amplio para \u201cderrotar el golpe de Estado cibern\u00e9tico\u201d que, seg\u00fan \u00e9l, est\u00e1 en marcha contra su gobierno.<\/p><figure class=\"wp-block-image size-full\"><img loading=\"lazy\" decoding=\"async\" width=\"675\" height=\"391\" src=\"https:\/\/colombiaopina.com.co\/wp-content\/uploads\/2024\/08\/IMG_4916.jpeg\" alt=\"\" class=\"wp-image-7379\" srcset=\"https:\/\/colombiaopina.com.co\/wp-content\/uploads\/2024\/08\/IMG_4916.jpeg 675w, https:\/\/colombiaopina.com.co\/wp-content\/uploads\/2024\/08\/IMG_4916-300x174.jpeg 300w, https:\/\/colombiaopina.com.co\/wp-content\/uploads\/2024\/08\/IMG_4916-150x87.jpeg 150w, https:\/\/colombiaopina.com.co\/wp-content\/uploads\/2024\/08\/IMG_4916-600x348.jpeg 600w\" sizes=\"(max-width: 675px) 100vw, 675px\" \/><\/figure><p>La suspensi\u00f3n de X ocurre en un contexto de creciente tensi\u00f3n pol\u00edtica en Venezuela, donde la reelecci\u00f3n de Maduro el pasado 28 de julio ha sido ampliamente cuestionada por la oposici\u00f3n, observadores internacionales y gobiernos extranjeros, quienes denuncian que el proceso fue fraudulento. Las protestas y los operativos policiales que han seguido a su proclamaci\u00f3n han dejado, seg\u00fan informes de la ONG Provea, 24 muertos y m\u00e1s de 2.400 detenidos, cifras que fueron actualizadas este jueves por el propio mandatario.<\/p><p>La decisi\u00f3n de suspender una plataforma tan influyente como X durante un per\u00edodo significativo ha generado reacciones mixtas, con cr\u00edticos que ven en esta medida un intento de silenciar la disidencia y controlar la narrativa en un momento de inestabilidad pol\u00edtica.<\/p>","protected":false},"excerpt":{"rendered":"<p>En un movimiento inesperado, el presidente de Venezuela, Nicol\u00e1s Maduro, ha ordenado la suspensi\u00f3n de la red social X (anteriormente conocida como Twitter) en el pa\u00eds por un per\u00edodo de 10 d\u00edas. Seg\u00fan el mandatario, esta medida busca que la empresa, propiedad de Elon Musk, presente \u201crecaudos\u201d ante las autoridades venezolanas para cumplir con las [&hellip;]<\/p>\n","protected":false},"author":4,"featured_media":7378,"comment_status":"open","ping_status":"open","sticky":false,"template":"","format":"standard","meta":{"tdm_status":"","tdm_grid_status":"","_jetpack_memberships_contains_paid_content":false,"footnotes":""},"categories":[53],"tags":[1717,2142,1873,1714],"class_list":{"0":"post-7403","1":"post","2":"type-post","3":"status-publish","4":"format-standard","5":"has-post-thumbnail","7":"category-internacional","8":"tag-elon-musk","9":"tag-golpe-cibernetico","10":"tag-nicolas-maduro","11":"tag-x"},"jetpack_sharing_enabled":true,"jetpack_featured_media_url":"https:\/\/colombiaopina.com.co\/wp-content\/uploads\/2024\/08\/IMG_4915.png","amp_enabled":true,"_links":{"self":[{"href":"https:\/\/colombiaopina.com.co\/index.php\/wp-json\/wp\/v2\/posts\/7403"}],"collection":[{"href":"https:\/\/colombiaopina.com.co\/index.php\/wp-json\/wp\/v2\/posts"}],"about":[{"href":"https:\/\/colombiaopina.com.co\/index.php\/wp-json\/wp\/v2\/types\/post"}],"author":[{"embeddable":true,"href":"https:\/\/colombiaopina.com.co\/index.php\/wp-json\/wp\/v2\/users\/4"}],"replies":[{"embeddable":true,"href":"https:\/\/colombiaopina.com.co\/index.php\/wp-json\/wp\/v2\/comments?post=7403"}],"version-history":[{"count":1,"href":"https:\/\/colombiaopina.com.co\/index.php\/wp-json\/wp\/v2\/posts\/7403\/revisions"}],"predecessor-version":[{"id":7406,"href":"https:\/\/colombiaopina.com.co\/index.php\/wp-json\/wp\/v2\/posts\/7403\/revisions\/7406"}],"wp:featuredmedia":[{"embeddable":true,"href":"https:\/\/colombiaopina.com.co\/index.php\/wp-json\/wp\/v2\/media\/7378"}],"wp:attachment":[{"href":"https:\/\/colombiaopina.com.co\/index.php\/wp-json\/wp\/v2\/media?parent=7403"}],"wp:term":[{"taxonomy":"category","embeddable":true,"href":"https:\/\/colombiaopina.com.co\/index.php\/wp-json\/wp\/v2\/categories?post=7403"},{"taxonomy":"post_tag","embeddable":true,"href":"https:\/\/colombiaopina.com.co\/index.php\/wp-json\/wp\/v2\/tags?post=7403"}],"curies":[{"name":"wp","href":"https:\/\/api.w.org\/{rel}","templated":true}]}}