{"id":7396,"date":"2024-08-09T09:50:58","date_gmt":"2024-08-09T14:50:58","guid":{"rendered":"https:\/\/colombiaopina.com.co\/?p=7396"},"modified":"2024-08-09T09:51:00","modified_gmt":"2024-08-09T14:51:00","slug":"petro-advierte-sobre-los-peligros-de-la-inteligencia-artificial-podria-desatar-un-argamenon-social-y-acabar-con-la-democracia","status":"publish","type":"post","link":"https:\/\/colombiaopina.com.co\/index.php\/2024\/08\/09\/petro-advierte-sobre-los-peligros-de-la-inteligencia-artificial-podria-desatar-un-argamenon-social-y-acabar-con-la-democracia\/","title":{"rendered":"Petro advierte sobre los peligros de la inteligencia artificial: \u00abpodr\u00eda desatar un \u2018argamen\u00f3n\u2019 social y acabar con la democracia\u00bb"},"content":{"rendered":"<p>En un encendido discurso durante la Cumbre Ministerial Latinoamericana y del Caribe sobre Inteligencia Artificial, celebrada en Cartagena, el presidente Gustavo Petro lanz\u00f3 una advertencia contundente sobre los riesgos que, seg\u00fan \u00e9l, podr\u00eda acarrear el desarrollo de la inteligencia artificial. Petro afirm\u00f3 que este avance tecnol\u00f3gico podr\u00eda desencadenar una crisis social sin precedentes, describi\u00e9ndola como un \u201cargamen\u00f3n\u201d, una palabra que utiliz\u00f3 para ilustrar el caos que podr\u00eda surgir de la \u201csalida masiva del trabajo vivo\u201d.<\/p><p>El mandatario colombiano expres\u00f3 su preocupaci\u00f3n por la posibilidad de que la inteligencia artificial reemplace de manera abrupta a gran parte de la fuerza laboral, lo que, en su opini\u00f3n, podr\u00eda llevar a una crisis social que desafiar\u00eda los fundamentos de la democracia. \u201cSi aqu\u00ed se articula la crisis clim\u00e1tica ascendente con la crisis social de la salida masiva del trabajo vivo a partir de la inteligencia artificial, ustedes tienen el \u2018argamen\u00f3n\u2019\u201d, alert\u00f3 Petro.<\/p><p>Petro tambi\u00e9n se refiri\u00f3 a la historia reciente y a las crecientes tensiones sociales y pol\u00edticas en diversas partes del mundo como un reflejo de lo que podr\u00eda suceder en Colombia si no se gestiona adecuadamente la transici\u00f3n hacia una econom\u00eda influenciada por la inteligencia artificial. El presidente advirti\u00f3 que, en un escenario de crisis, la respuesta podr\u00eda ser la represi\u00f3n mediante el uso de la fuerza, lo que pondr\u00eda en riesgo la supervivencia del proyecto democr\u00e1tico y podr\u00eda dar lugar a nuevas formas de barbarie.<\/p><figure class=\"wp-block-image size-large\"><img loading=\"lazy\" decoding=\"async\" width=\"1024\" height=\"576\" src=\"https:\/\/colombiaopina.com.co\/wp-content\/uploads\/2024\/08\/IMG_4910-1024x576.jpeg\" alt=\"\" class=\"wp-image-7369\" srcset=\"https:\/\/colombiaopina.com.co\/wp-content\/uploads\/2024\/08\/IMG_4910-1024x576.jpeg 1024w, https:\/\/colombiaopina.com.co\/wp-content\/uploads\/2024\/08\/IMG_4910-300x169.jpeg 300w, https:\/\/colombiaopina.com.co\/wp-content\/uploads\/2024\/08\/IMG_4910-768x432.jpeg 768w, https:\/\/colombiaopina.com.co\/wp-content\/uploads\/2024\/08\/IMG_4910-150x84.jpeg 150w, https:\/\/colombiaopina.com.co\/wp-content\/uploads\/2024\/08\/IMG_4910-696x392.jpeg 696w, https:\/\/colombiaopina.com.co\/wp-content\/uploads\/2024\/08\/IMG_4910-1068x601.jpeg 1068w, https:\/\/colombiaopina.com.co\/wp-content\/uploads\/2024\/08\/IMG_4910-600x338.jpeg 600w, https:\/\/colombiaopina.com.co\/wp-content\/uploads\/2024\/08\/IMG_4910.jpeg 1280w\" sizes=\"(max-width: 1024px) 100vw, 1024px\" \/><\/figure><p>El presidente subray\u00f3 la importancia de preparar a Colombia para enfrentar estos desaf\u00edos, se\u00f1alando que la inteligencia artificial, aunque puede parecer un tema \u00abextra\u00f1o\u00bb, ser\u00e1 determinante en la vida cotidiana de todos los colombianos en un futuro cercano. Petro manifest\u00f3 su intenci\u00f3n de que Colombia enfrente estos retos desde una posici\u00f3n de liderazgo, y no desde una postura rezagada.<\/p><p>El evento en Cartagena marca un hito en la discusi\u00f3n sobre inteligencia artificial en la regi\u00f3n, y Petro insisti\u00f3 en que es crucial abordar sus implicaciones de manera proactiva para evitar que el pa\u00eds caiga en un escenario de caos social y debilitamiento democr\u00e1tico.<\/p>","protected":false},"excerpt":{"rendered":"<p>En un encendido discurso durante la Cumbre Ministerial Latinoamericana y del Caribe sobre Inteligencia Artificial, celebrada en Cartagena, el presidente Gustavo Petro lanz\u00f3 una advertencia contundente sobre los riesgos que, seg\u00fan \u00e9l, podr\u00eda acarrear el desarrollo de la inteligencia artificial. Petro afirm\u00f3 que este avance tecnol\u00f3gico podr\u00eda desencadenar una crisis social sin precedentes, describi\u00e9ndola como [&hellip;]<\/p>\n","protected":false},"author":4,"featured_media":7368,"comment_status":"open","ping_status":"open","sticky":false,"template":"","format":"standard","meta":{"tdm_status":"","tdm_grid_status":"","_jetpack_memberships_contains_paid_content":false,"footnotes":""},"categories":[39,50,103],"tags":[93,227,2141,135],"class_list":{"0":"post-7396","1":"post","2":"type-post","3":"status-publish","4":"format-standard","5":"has-post-thumbnail","7":"category-colombia","8":"category-opinion","9":"category-petro","10":"tag-colombia","11":"tag-gobierno","12":"tag-inteligencia-artificial","13":"tag-petro"},"jetpack_sharing_enabled":true,"jetpack_featured_media_url":"https:\/\/colombiaopina.com.co\/wp-content\/uploads\/2024\/08\/IMG_4909.jpeg","amp_enabled":true,"_links":{"self":[{"href":"https:\/\/colombiaopina.com.co\/index.php\/wp-json\/wp\/v2\/posts\/7396"}],"collection":[{"href":"https:\/\/colombiaopina.com.co\/index.php\/wp-json\/wp\/v2\/posts"}],"about":[{"href":"https:\/\/colombiaopina.com.co\/index.php\/wp-json\/wp\/v2\/types\/post"}],"author":[{"embeddable":true,"href":"https:\/\/colombiaopina.com.co\/index.php\/wp-json\/wp\/v2\/users\/4"}],"replies":[{"embeddable":true,"href":"https:\/\/colombiaopina.com.co\/index.php\/wp-json\/wp\/v2\/comments?post=7396"}],"version-history":[{"count":1,"href":"https:\/\/colombiaopina.com.co\/index.php\/wp-json\/wp\/v2\/posts\/7396\/revisions"}],"predecessor-version":[{"id":7398,"href":"https:\/\/colombiaopina.com.co\/index.php\/wp-json\/wp\/v2\/posts\/7396\/revisions\/7398"}],"wp:featuredmedia":[{"embeddable":true,"href":"https:\/\/colombiaopina.com.co\/index.php\/wp-json\/wp\/v2\/media\/7368"}],"wp:attachment":[{"href":"https:\/\/colombiaopina.com.co\/index.php\/wp-json\/wp\/v2\/media?parent=7396"}],"wp:term":[{"taxonomy":"category","embeddable":true,"href":"https:\/\/colombiaopina.com.co\/index.php\/wp-json\/wp\/v2\/categories?post=7396"},{"taxonomy":"post_tag","embeddable":true,"href":"https:\/\/colombiaopina.com.co\/index.php\/wp-json\/wp\/v2\/tags?post=7396"}],"curies":[{"name":"wp","href":"https:\/\/api.w.org\/{rel}","templated":true}]}}