{"id":7389,"date":"2024-08-09T09:42:27","date_gmt":"2024-08-09T14:42:27","guid":{"rendered":"https:\/\/colombiaopina.com.co\/?p=7389"},"modified":"2024-08-09T09:42:28","modified_gmt":"2024-08-09T14:42:28","slug":"petro-defiende-la-atencion-de-exfarc-en-el-hospital-militar-y-califica-las-criticas-de-egoismo-social","status":"publish","type":"post","link":"https:\/\/colombiaopina.com.co\/index.php\/2024\/08\/09\/petro-defiende-la-atencion-de-exfarc-en-el-hospital-militar-y-califica-las-criticas-de-egoismo-social\/","title":{"rendered":"Petro defiende la atenci\u00f3n de exFarc en el Hospital Militar y califica las cr\u00edticas de \u201cego\u00edsmo social\u201d"},"content":{"rendered":"<p>El presidente Gustavo Petro respondi\u00f3 con firmeza a las cr\u00edticas de un grupo de veteranos de la Fuerza P\u00fablica que manifestaron su rechazo a la atenci\u00f3n de exguerrilleros de las Farc en el Hospital Militar de Bogot\u00e1. La pol\u00e9mica se desat\u00f3 luego de que el ministro de Defensa, Iv\u00e1n Vel\u00e1squez, fuera increpado durante un evento por veteranos que mostraron su descontento con pancartas y gritos, calificando de inaceptable el convenio que permite que desmovilizados discapacitados de la extinta guerrilla reciban tratamiento en las instalaciones militares.<br><\/p><p>En su respuesta, Petro defendi\u00f3 la medida implementada por su gobierno, argumentando que los hospitales p\u00fablicos deben estar al servicio de toda la ciudadan\u00eda, sin distinci\u00f3n. A trav\u00e9s de su cuenta en X, el presidente afirm\u00f3: \u00abTodo hospital p\u00fablico est\u00e1 al servicio de su ciudadan\u00eda. Todo el oficio m\u00e9dico est\u00e1 al servicio de la vida. Lo p\u00fablico no puede ser instrumento del ego\u00edsmo social\u00bb.<br><\/p><p>El convenio en cuesti\u00f3n, firmado por el Ministerio de Defensa meses atr\u00e1s, permite que m\u00e1s de 1.000 desmovilizados de las Farc, que sufrieron discapacidades a causa del conflicto armado, sean atendidos en el Hospital Militar. Esta decisi\u00f3n ha generado un fuerte rechazo por parte de los cuerpos de generales y almirantes de las Fuerzas Armadas, quienes consideran que atender a exguerrilleros en el mismo hospital donde se cuida a los miembros de las Fuerzas Militares y sus familias es una afrenta a la moral y el sacrificio de quienes han defendido el pa\u00eds.<br><\/p><figure class=\"wp-block-image size-full\"><img loading=\"lazy\" decoding=\"async\" width=\"768\" height=\"350\" src=\"https:\/\/colombiaopina.com.co\/wp-content\/uploads\/2024\/08\/IMG_4903.jpeg\" alt=\"\" class=\"wp-image-7362\" srcset=\"https:\/\/colombiaopina.com.co\/wp-content\/uploads\/2024\/08\/IMG_4903.jpeg 768w, https:\/\/colombiaopina.com.co\/wp-content\/uploads\/2024\/08\/IMG_4903-300x137.jpeg 300w, https:\/\/colombiaopina.com.co\/wp-content\/uploads\/2024\/08\/IMG_4903-150x68.jpeg 150w, https:\/\/colombiaopina.com.co\/wp-content\/uploads\/2024\/08\/IMG_4903-696x317.jpeg 696w, https:\/\/colombiaopina.com.co\/wp-content\/uploads\/2024\/08\/IMG_4903-600x273.jpeg 600w\" sizes=\"(max-width: 768px) 100vw, 768px\" \/><\/figure><p>En un comunicado emitido en mayo, los veteranos expresaron su \u201cprofunda preocupaci\u00f3n\u201d, subrayando que los exguerrilleros cometieron graves cr\u00edmenes contra la sociedad colombiana, lo que, seg\u00fan ellos, contraviene los principios de justicia y legalidad. Adem\u00e1s, se\u00f1alaron que el Hospital Militar frecuentemente opera a capacidad m\u00e1xima, atendiendo a militares y sus familias, y que esta nueva pol\u00edtica socava el esp\u00edritu de quienes han servido al pa\u00eds.<br><\/p><p>Las reacciones en redes sociales no se hicieron esperar, con numerosos usuarios expresando su apoyo a las Fuerzas Militares y su rechazo a la medida. Comentarios como \u201cColombia se respeta\u201d y \u201cImposible que dejen entrar a esos bandidos\u201d reflejan la polarizaci\u00f3n que ha generado el tema.<br><\/p><p>El presidente Petro, sin embargo, se mantiene firme en su postura, reiterando la importancia de construir un pa\u00eds m\u00e1s inclusivo y solidario, donde los servicios p\u00fablicos, incluidos los de salud, est\u00e9n disponibles para todos los ciudadanos, sin importar su pasado.<\/p>","protected":false},"excerpt":{"rendered":"<p>El presidente Gustavo Petro respondi\u00f3 con firmeza a las cr\u00edticas de un grupo de veteranos de la Fuerza P\u00fablica que manifestaron su rechazo a la atenci\u00f3n de exguerrilleros de las Farc en el Hospital Militar de Bogot\u00e1. La pol\u00e9mica se desat\u00f3 luego de que el ministro de Defensa, Iv\u00e1n Vel\u00e1squez, fuera increpado durante un evento [&hellip;]<\/p>\n","protected":false},"author":4,"featured_media":7363,"comment_status":"open","ping_status":"open","sticky":false,"template":"","format":"standard","meta":{"tdm_status":"","tdm_grid_status":"","_jetpack_memberships_contains_paid_content":false,"footnotes":""},"categories":[39,46,50,49,103],"tags":[93,2137,2135,227,2136,135],"class_list":{"0":"post-7389","1":"post","2":"type-post","3":"status-publish","4":"format-standard","5":"has-post-thumbnail","7":"category-colombia","8":"category-gobierno","9":"category-opinion","10":"category-orden-publico","11":"category-petro","12":"tag-colombia","13":"tag-egoismo-social","14":"tag-exfarc","15":"tag-gobierno","16":"tag-hospital-militar","17":"tag-petro"},"jetpack_sharing_enabled":true,"jetpack_featured_media_url":"https:\/\/colombiaopina.com.co\/wp-content\/uploads\/2024\/08\/IMG_4904.jpeg","amp_enabled":true,"_links":{"self":[{"href":"https:\/\/colombiaopina.com.co\/index.php\/wp-json\/wp\/v2\/posts\/7389"}],"collection":[{"href":"https:\/\/colombiaopina.com.co\/index.php\/wp-json\/wp\/v2\/posts"}],"about":[{"href":"https:\/\/colombiaopina.com.co\/index.php\/wp-json\/wp\/v2\/types\/post"}],"author":[{"embeddable":true,"href":"https:\/\/colombiaopina.com.co\/index.php\/wp-json\/wp\/v2\/users\/4"}],"replies":[{"embeddable":true,"href":"https:\/\/colombiaopina.com.co\/index.php\/wp-json\/wp\/v2\/comments?post=7389"}],"version-history":[{"count":1,"href":"https:\/\/colombiaopina.com.co\/index.php\/wp-json\/wp\/v2\/posts\/7389\/revisions"}],"predecessor-version":[{"id":7391,"href":"https:\/\/colombiaopina.com.co\/index.php\/wp-json\/wp\/v2\/posts\/7389\/revisions\/7391"}],"wp:featuredmedia":[{"embeddable":true,"href":"https:\/\/colombiaopina.com.co\/index.php\/wp-json\/wp\/v2\/media\/7363"}],"wp:attachment":[{"href":"https:\/\/colombiaopina.com.co\/index.php\/wp-json\/wp\/v2\/media?parent=7389"}],"wp:term":[{"taxonomy":"category","embeddable":true,"href":"https:\/\/colombiaopina.com.co\/index.php\/wp-json\/wp\/v2\/categories?post=7389"},{"taxonomy":"post_tag","embeddable":true,"href":"https:\/\/colombiaopina.com.co\/index.php\/wp-json\/wp\/v2\/tags?post=7389"}],"curies":[{"name":"wp","href":"https:\/\/api.w.org\/{rel}","templated":true}]}}