{"id":7337,"date":"2024-08-08T10:50:06","date_gmt":"2024-08-08T15:50:06","guid":{"rendered":"https:\/\/colombiaopina.com.co\/?p=7337"},"modified":"2024-08-08T10:50:09","modified_gmt":"2024-08-08T15:50:09","slug":"jefe-de-funcion-publica-del-gobierno-petro-implicado-en-organigrama-criminal-de-la-ungrd-rechaza-renunciar","status":"publish","type":"post","link":"https:\/\/colombiaopina.com.co\/index.php\/2024\/08\/08\/jefe-de-funcion-publica-del-gobierno-petro-implicado-en-organigrama-criminal-de-la-ungrd-rechaza-renunciar\/","title":{"rendered":"Jefe de Funci\u00f3n P\u00fablica del Gobierno Petro implicado en organigrama criminal de la UNGRD; rechaza renunciar"},"content":{"rendered":"<p>En una revelaci\u00f3n impactante, la Fiscal\u00eda General de la Naci\u00f3n ha se\u00f1alado a C\u00e9sar Augusto Manrique Soacha, jefe del Departamento Administrativo de la Funci\u00f3n P\u00fablica, como uno de los principales implicados en el esc\u00e1ndalo de corrupci\u00f3n de la Unidad Nacional para la Gesti\u00f3n del Riesgo de Desastres (UNGRD). Manrique, junto con Olmedo L\u00f3pez y Sneyder Pinilla, es acusado de ser uno de los cerebros detr\u00e1s de una compleja red criminal que desvi\u00f3 fondos destinados a la gesti\u00f3n del riesgo de desastres.<\/p><p><strong>Estructura delincuencial y montos desviados<\/strong><\/p><p>Durante la audiencia, la Fiscal\u00eda present\u00f3 un organigrama detallado de la estructura criminal, mostrando c\u00f3mo los implicados desviaron fondos para su beneficio personal y para financiar campa\u00f1as pol\u00edticas. Se estima que L\u00f3pez, Pinilla y el contratista Luis Eduardo L\u00f3pez Rosero desviaron m\u00e1s de 4 mil millones de pesos. Parte de este dinero fue entregado al senador Iv\u00e1n Name y al representante Andr\u00e9s Calle a trav\u00e9s de intermediarios.<\/p><p><strong>Negativa a renunciar<\/strong><\/p><p>A pesar de las acusaciones, C\u00e9sar Manrique Soacha ha declarado que no renunciar\u00e1 a su cargo. \u00abNo voy a renunciar\u00bb, afirm\u00f3 Manrique a EL TIEMPO, negando las acusaciones y admitiendo solamente conocer a uno de los asesores de Olmedo L\u00f3pez. Manrique es el tercer exmilitante del M-19 vinculado a este esc\u00e1ndalo, junto con Olmedo L\u00f3pez y Carlos Ram\u00f3n Gonz\u00e1lez.<\/p><p><strong>Implicaciones de alto nivel<\/strong><\/p><p>La Fiscal\u00eda tambi\u00e9n ha implicado a otros altos funcionarios, incluyendo a Carlos Ram\u00f3n Gonz\u00e1lez, exdirector de la Direcci\u00f3n Nacional de Inteligencia (DNI), quien ya ha renunciado. Seg\u00fan las investigaciones, estos funcionarios habr\u00edan creado una \u00abempresa criminal\u00bb que se beneficiaba de contratos ama\u00f1ados utilizando recursos destinados a la asistencia humanitaria de emergencia.<\/p><figure class=\"wp-block-image size-full\"><img loading=\"lazy\" decoding=\"async\" width=\"700\" height=\"410\" src=\"https:\/\/colombiaopina.com.co\/wp-content\/uploads\/2024\/08\/IMG_4885.jpeg\" alt=\"\" class=\"wp-image-7330\" srcset=\"https:\/\/colombiaopina.com.co\/wp-content\/uploads\/2024\/08\/IMG_4885.jpeg 700w, https:\/\/colombiaopina.com.co\/wp-content\/uploads\/2024\/08\/IMG_4885-300x176.jpeg 300w, https:\/\/colombiaopina.com.co\/wp-content\/uploads\/2024\/08\/IMG_4885-150x88.jpeg 150w, https:\/\/colombiaopina.com.co\/wp-content\/uploads\/2024\/08\/IMG_4885-696x408.jpeg 696w, https:\/\/colombiaopina.com.co\/wp-content\/uploads\/2024\/08\/IMG_4885-600x351.jpeg 600w\" sizes=\"(max-width: 700px) 100vw, 700px\" \/><\/figure><p><strong>Participaci\u00f3n de asesores y contratistas<\/strong><\/p><p>El organigrama criminal tambi\u00e9n incluye a Pedro Rodr\u00edguez Melo, asesor de Olmedo L\u00f3pez y recomendado del embajador Camilo Romero. Rodr\u00edguez Melo fue se\u00f1alado como un actor clave en la red de corrupci\u00f3n, involucrado en la compra de 40 carrotanques en un proceso contractual que comenz\u00f3 meses antes de su oficializaci\u00f3n. V\u00edctor Meza, exsubdirector de la UNGRD, y Luis Eduardo L\u00f3pez Rosero, empresario de los carrotanques, tambi\u00e9n fueron implicados.<\/p><p><strong>Reacciones del Gobierno<\/strong><\/p><p>El esc\u00e1ndalo ha generado una fuerte reacci\u00f3n en el Gobierno y entre la opini\u00f3n p\u00fablica. Desde el Puente de Boyac\u00e1, el ministro de Defensa, Iv\u00e1n Vel\u00e1squez, coment\u00f3 sobre la solicitud de la Fiscal\u00eda de trasladar a los implicados a una guarnici\u00f3n militar debido a amenazas graves. \u00abSi existe la posibilidad, habr\u00eda que atender la orden del juez\u00bb, indic\u00f3 Vel\u00e1squez.<\/p><p><strong>Futuro del caso<\/strong><\/p><p>El caso contin\u00faa desarroll\u00e1ndose con la expectativa de m\u00e1s imputaciones en las pr\u00f3ximas audiencias. La Fiscal\u00eda ha advertido que a\u00fan quedan servidores p\u00fablicos y particulares por judicializar, subrayando que la red criminal no ha sido completamente desmantelada. Las acusaciones incluyen cargos por concierto para delinquir agravado, inter\u00e9s indebido en la celebraci\u00f3n de contratos, peculado por apropiaci\u00f3n, y falsedad en documento privado y p\u00fablico.<\/p><p>La revelaci\u00f3n de la implicaci\u00f3n de altos funcionarios en este esc\u00e1ndalo de corrupci\u00f3n plantea serias preguntas sobre la transparencia y la integridad en la administraci\u00f3n p\u00fablica, y podr\u00eda tener implicaciones significativas para la administraci\u00f3n del presidente Gustavo Petro, que celebra dos a\u00f1os en el poder.<\/p>","protected":false},"excerpt":{"rendered":"<p>En una revelaci\u00f3n impactante, la Fiscal\u00eda General de la Naci\u00f3n ha se\u00f1alado a C\u00e9sar Augusto Manrique Soacha, jefe del Departamento Administrativo de la Funci\u00f3n P\u00fablica, como uno de los principales implicados en el esc\u00e1ndalo de corrupci\u00f3n de la Unidad Nacional para la Gesti\u00f3n del Riesgo de Desastres (UNGRD). Manrique, junto con Olmedo L\u00f3pez y Sneyder [&hellip;]<\/p>\n","protected":false},"author":4,"featured_media":7331,"comment_status":"open","ping_status":"open","sticky":false,"template":"","format":"standard","meta":{"tdm_status":"","tdm_grid_status":"","_jetpack_memberships_contains_paid_content":false,"footnotes":""},"categories":[39,105,46,50,103,86],"tags":[93,227,2128,135,385],"class_list":{"0":"post-7337","1":"post","2":"type-post","3":"status-publish","4":"format-standard","5":"has-post-thumbnail","7":"category-colombia","8":"category-fiscalia","9":"category-gobierno","10":"category-opinion","11":"category-petro","12":"category-politica","13":"tag-colombia","14":"tag-gobierno","15":"tag-jefe-de-funcion-publica","16":"tag-petro","17":"tag-ungrd"},"jetpack_sharing_enabled":true,"jetpack_featured_media_url":"https:\/\/colombiaopina.com.co\/wp-content\/uploads\/2024\/08\/IMG_4886.jpeg","amp_enabled":true,"_links":{"self":[{"href":"https:\/\/colombiaopina.com.co\/index.php\/wp-json\/wp\/v2\/posts\/7337"}],"collection":[{"href":"https:\/\/colombiaopina.com.co\/index.php\/wp-json\/wp\/v2\/posts"}],"about":[{"href":"https:\/\/colombiaopina.com.co\/index.php\/wp-json\/wp\/v2\/types\/post"}],"author":[{"embeddable":true,"href":"https:\/\/colombiaopina.com.co\/index.php\/wp-json\/wp\/v2\/users\/4"}],"replies":[{"embeddable":true,"href":"https:\/\/colombiaopina.com.co\/index.php\/wp-json\/wp\/v2\/comments?post=7337"}],"version-history":[{"count":1,"href":"https:\/\/colombiaopina.com.co\/index.php\/wp-json\/wp\/v2\/posts\/7337\/revisions"}],"predecessor-version":[{"id":7338,"href":"https:\/\/colombiaopina.com.co\/index.php\/wp-json\/wp\/v2\/posts\/7337\/revisions\/7338"}],"wp:featuredmedia":[{"embeddable":true,"href":"https:\/\/colombiaopina.com.co\/index.php\/wp-json\/wp\/v2\/media\/7331"}],"wp:attachment":[{"href":"https:\/\/colombiaopina.com.co\/index.php\/wp-json\/wp\/v2\/media?parent=7337"}],"wp:term":[{"taxonomy":"category","embeddable":true,"href":"https:\/\/colombiaopina.com.co\/index.php\/wp-json\/wp\/v2\/categories?post=7337"},{"taxonomy":"post_tag","embeddable":true,"href":"https:\/\/colombiaopina.com.co\/index.php\/wp-json\/wp\/v2\/tags?post=7337"}],"curies":[{"name":"wp","href":"https:\/\/api.w.org\/{rel}","templated":true}]}}