{"id":727,"date":"2024-01-24T09:57:39","date_gmt":"2024-01-24T14:57:39","guid":{"rendered":"https:\/\/colombiaopina.com.co\/?p=727"},"modified":"2024-01-24T15:29:18","modified_gmt":"2024-01-24T20:29:18","slug":"tragedia-familiar-en-medellin-padre-e-hijo-pierden-la-vida-en-violenta-rina","status":"publish","type":"post","link":"https:\/\/colombiaopina.com.co\/index.php\/2024\/01\/24\/tragedia-familiar-en-medellin-padre-e-hijo-pierden-la-vida-en-violenta-rina\/","title":{"rendered":"Tragedia familiar en Medell\u00edn: Padre e hijo pierden la vida en violenta ri\u00f1a"},"content":{"rendered":"<p>En un lamentable caso de intolerancia en el centro de Medell\u00edn, dos personas, un padre y su hijo, fueron asesinadas durante una ri\u00f1a en un local comercial de repuestos. Las v\u00edctimas, identificadas como Miguel \u00c1ngel Cano Palacio y Jos\u00e9 Miguel Cano Silva, de 58 y 24 a\u00f1os respectivamente, sufrieron m\u00faltiples lesiones con arma cortopunzante.<\/p><p>El incidente ocurri\u00f3 cuando los dos hombres, acompa\u00f1ados por un familiar, se encontraban comprando repuestos para veh\u00edculos pesados. Una discusi\u00f3n con otro individuo escal\u00f3 r\u00e1pidamente a una ri\u00f1a violenta, resultando en la muerte de ambos.<\/p><p>Una de las v\u00edctimas falleci\u00f3 en el lugar del incidente, mientras que la otra perdi\u00f3 la vida en un centro asistencial. Las autoridades lograron capturar al presunto responsable de la ri\u00f1a, quien ya hab\u00eda amenazado previamente al familiar de las v\u00edctimas.<\/p><p>Este tr\u00e1gico suceso resalta los problemas de violencia y tolerancia en Medell\u00edn, donde en los primeros 23 d\u00edas de 2024 se han reportado 19 homicidios, dos casos menos que en el mismo per\u00edodo del a\u00f1o anterior.<\/p>","protected":false},"excerpt":{"rendered":"<p>En un lamentable caso de intolerancia en el centro de Medell\u00edn, dos personas, un padre y su hijo, fueron asesinadas durante una ri\u00f1a en un local comercial de repuestos. Las v\u00edctimas, identificadas como Miguel \u00c1ngel Cano Palacio y Jos\u00e9 Miguel Cano Silva, de 58 y 24 a\u00f1os respectivamente, sufrieron m\u00faltiples lesiones con arma cortopunzante. El [&hellip;]<\/p>\n","protected":false},"author":4,"featured_media":728,"comment_status":"open","ping_status":"open","sticky":false,"template":"","format":"standard","meta":{"tdm_status":"","tdm_grid_status":"","_jetpack_memberships_contains_paid_content":false,"footnotes":""},"categories":[54,49,41],"tags":[],"class_list":{"0":"post-727","1":"post","2":"type-post","3":"status-publish","4":"format-standard","5":"has-post-thumbnail","7":"category-medellin","8":"category-orden-publico","9":"category-seguridad"},"jetpack_sharing_enabled":true,"jetpack_featured_media_url":"https:\/\/colombiaopina.com.co\/wp-content\/uploads\/2024\/01\/6248772544105.jpeg","amp_enabled":true,"_links":{"self":[{"href":"https:\/\/colombiaopina.com.co\/index.php\/wp-json\/wp\/v2\/posts\/727"}],"collection":[{"href":"https:\/\/colombiaopina.com.co\/index.php\/wp-json\/wp\/v2\/posts"}],"about":[{"href":"https:\/\/colombiaopina.com.co\/index.php\/wp-json\/wp\/v2\/types\/post"}],"author":[{"embeddable":true,"href":"https:\/\/colombiaopina.com.co\/index.php\/wp-json\/wp\/v2\/users\/4"}],"replies":[{"embeddable":true,"href":"https:\/\/colombiaopina.com.co\/index.php\/wp-json\/wp\/v2\/comments?post=727"}],"version-history":[{"count":1,"href":"https:\/\/colombiaopina.com.co\/index.php\/wp-json\/wp\/v2\/posts\/727\/revisions"}],"predecessor-version":[{"id":729,"href":"https:\/\/colombiaopina.com.co\/index.php\/wp-json\/wp\/v2\/posts\/727\/revisions\/729"}],"wp:featuredmedia":[{"embeddable":true,"href":"https:\/\/colombiaopina.com.co\/index.php\/wp-json\/wp\/v2\/media\/728"}],"wp:attachment":[{"href":"https:\/\/colombiaopina.com.co\/index.php\/wp-json\/wp\/v2\/media?parent=727"}],"wp:term":[{"taxonomy":"category","embeddable":true,"href":"https:\/\/colombiaopina.com.co\/index.php\/wp-json\/wp\/v2\/categories?post=727"},{"taxonomy":"post_tag","embeddable":true,"href":"https:\/\/colombiaopina.com.co\/index.php\/wp-json\/wp\/v2\/tags?post=727"}],"curies":[{"name":"wp","href":"https:\/\/api.w.org\/{rel}","templated":true}]}}