{"id":7230,"date":"2024-08-05T09:21:42","date_gmt":"2024-08-05T14:21:42","guid":{"rendered":"https:\/\/colombiaopina.com.co\/?p=7230"},"modified":"2024-08-05T09:21:44","modified_gmt":"2024-08-05T14:21:44","slug":"marchas-en-venezuela-maria-corina-machado-desafia-amenazas-de-captura-y-lidera-protestas","status":"publish","type":"post","link":"https:\/\/colombiaopina.com.co\/index.php\/2024\/08\/05\/marchas-en-venezuela-maria-corina-machado-desafia-amenazas-de-captura-y-lidera-protestas\/","title":{"rendered":"Marchas en Venezuela: Mar\u00eda Corina Machado desaf\u00eda amenazas de captura y lidera protestas"},"content":{"rendered":"<p>En medio de un clima de tensi\u00f3n y amenazas, Mar\u00eda Corina Machado se uni\u00f3 a las multitudinarias marchas convocadas por la oposici\u00f3n venezolana el pasado 3 de agosto. A pesar de las advertencias del gobierno de Nicol\u00e1s Maduro sobre su posible captura, Machado se present\u00f3 en Caracas para liderar las manifestaciones que buscan rechazar los resultados de las controvertidas elecciones recientes.<br><\/p><p>La l\u00edder opositora, quien lleg\u00f3 a la concentraci\u00f3n en un cami\u00f3n acompa\u00f1ada de destacados miembros de la Plataforma Unitaria Democr\u00e1tica (PUD), expres\u00f3 su determinaci\u00f3n a trav\u00e9s de sus redes sociales: \u00abHoy salimos a encontrarnos en las calles de Venezuela. Con el orgullo de ser venezolanos. Con la satisfacci\u00f3n de haber logrado la victoria. Con la determinaci\u00f3n de que nadie podr\u00e1 robarnos lo que logramos\u00bb.<br><\/p><p>Las protestas se desarrollaron de manera pac\u00edfica en su mayor\u00eda, con una gran afluencia de personas que se movilizaron tanto a pie como en motocicletas. La oposici\u00f3n asegura contar con el respaldo del 80% de las actas de votaci\u00f3n, que respaldan la victoria de su candidato Gonz\u00e1lez Urrutia en las elecciones presidenciales, en contraste con los resultados oficiales que otorgan el triunfo a Maduro.<br><\/p><figure class=\"wp-block-image size-large\"><img loading=\"lazy\" decoding=\"async\" width=\"1024\" height=\"768\" src=\"https:\/\/colombiaopina.com.co\/wp-content\/uploads\/2024\/08\/IMG_4795-1024x768.jpeg\" alt=\"\" class=\"wp-image-7202\" srcset=\"https:\/\/colombiaopina.com.co\/wp-content\/uploads\/2024\/08\/IMG_4795-1024x768.jpeg 1024w, https:\/\/colombiaopina.com.co\/wp-content\/uploads\/2024\/08\/IMG_4795-300x225.jpeg 300w, https:\/\/colombiaopina.com.co\/wp-content\/uploads\/2024\/08\/IMG_4795-768x576.jpeg 768w, https:\/\/colombiaopina.com.co\/wp-content\/uploads\/2024\/08\/IMG_4795-150x113.jpeg 150w, https:\/\/colombiaopina.com.co\/wp-content\/uploads\/2024\/08\/IMG_4795-696x522.jpeg 696w, https:\/\/colombiaopina.com.co\/wp-content\/uploads\/2024\/08\/IMG_4795-1068x801.jpeg 1068w, https:\/\/colombiaopina.com.co\/wp-content\/uploads\/2024\/08\/IMG_4795-265x198.jpeg 265w, https:\/\/colombiaopina.com.co\/wp-content\/uploads\/2024\/08\/IMG_4795-600x450.jpeg 600w, https:\/\/colombiaopina.com.co\/wp-content\/uploads\/2024\/08\/IMG_4795.jpeg 1280w\" sizes=\"(max-width: 1024px) 100vw, 1024px\" \/><\/figure><p>En una columna publicada recientemente en el diario estadounidense The Wall Street Journal, Machado revel\u00f3 su temor por la represi\u00f3n gubernamental y su vida, afirmando tener pruebas del supuesto fraude electoral. \u00abEl Sr. Maduro no gan\u00f3 las elecciones presidenciales de Venezuela el domingo. Perdi\u00f3 arrolladoramente contra Edmundo Gonz\u00e1lez, 67 % contra 30 %. S\u00e9 que es verdad porque lo puedo demostrar\u00bb, escribi\u00f3 desde la clandestinidad.<br><\/p><p>El chavismo, por su parte, contin\u00faa rechazando las afirmaciones de la oposici\u00f3n y mantiene su postura de que los resultados oficiales son leg\u00edtimos. Mientras tanto, el Consejo Nacional Electoral ha prometido entregar las actas al Tribunal Supremo de Justicia (TSJ) si as\u00ed lo requiere, en un intento por calmar las aguas en un pa\u00eds profundamente polarizado.<br><\/p><p>Estas manifestaciones representan un nuevo cap\u00edtulo en la lucha pol\u00edtica venezolana, con un pa\u00eds dividido entre quienes apoyan al gobierno y aquellos que claman por un cambio. La participaci\u00f3n activa de l\u00edderes como Mar\u00eda Corina Machado demuestra la persistencia de la oposici\u00f3n y su determinaci\u00f3n por lograr un cambio democr\u00e1tico en Venezuela.<\/p>","protected":false},"excerpt":{"rendered":"<p>En medio de un clima de tensi\u00f3n y amenazas, Mar\u00eda Corina Machado se uni\u00f3 a las multitudinarias marchas convocadas por la oposici\u00f3n venezolana el pasado 3 de agosto. A pesar de las advertencias del gobierno de Nicol\u00e1s Maduro sobre su posible captura, Machado se present\u00f3 en Caracas para liderar las manifestaciones que buscan rechazar los [&hellip;]<\/p>\n","protected":false},"author":4,"featured_media":7201,"comment_status":"open","ping_status":"open","sticky":false,"template":"","format":"standard","meta":{"tdm_status":"","tdm_grid_status":"","_jetpack_memberships_contains_paid_content":false,"footnotes":""},"categories":[53,49,86,41],"tags":[456,2094,210,127,199,65],"class_list":{"0":"post-7230","1":"post","2":"type-post","3":"status-publish","4":"format-standard","5":"has-post-thumbnail","7":"category-internacional","8":"category-orden-publico","9":"category-politica","10":"category-seguridad","11":"tag-capturas","12":"tag-corina-machado","13":"tag-marchas","14":"tag-orden-publico","15":"tag-protestas","16":"tag-seguridad"},"jetpack_sharing_enabled":true,"jetpack_featured_media_url":"https:\/\/colombiaopina.com.co\/wp-content\/uploads\/2024\/08\/IMG_4794.jpeg","amp_enabled":true,"_links":{"self":[{"href":"https:\/\/colombiaopina.com.co\/index.php\/wp-json\/wp\/v2\/posts\/7230"}],"collection":[{"href":"https:\/\/colombiaopina.com.co\/index.php\/wp-json\/wp\/v2\/posts"}],"about":[{"href":"https:\/\/colombiaopina.com.co\/index.php\/wp-json\/wp\/v2\/types\/post"}],"author":[{"embeddable":true,"href":"https:\/\/colombiaopina.com.co\/index.php\/wp-json\/wp\/v2\/users\/4"}],"replies":[{"embeddable":true,"href":"https:\/\/colombiaopina.com.co\/index.php\/wp-json\/wp\/v2\/comments?post=7230"}],"version-history":[{"count":1,"href":"https:\/\/colombiaopina.com.co\/index.php\/wp-json\/wp\/v2\/posts\/7230\/revisions"}],"predecessor-version":[{"id":7231,"href":"https:\/\/colombiaopina.com.co\/index.php\/wp-json\/wp\/v2\/posts\/7230\/revisions\/7231"}],"wp:featuredmedia":[{"embeddable":true,"href":"https:\/\/colombiaopina.com.co\/index.php\/wp-json\/wp\/v2\/media\/7201"}],"wp:attachment":[{"href":"https:\/\/colombiaopina.com.co\/index.php\/wp-json\/wp\/v2\/media?parent=7230"}],"wp:term":[{"taxonomy":"category","embeddable":true,"href":"https:\/\/colombiaopina.com.co\/index.php\/wp-json\/wp\/v2\/categories?post=7230"},{"taxonomy":"post_tag","embeddable":true,"href":"https:\/\/colombiaopina.com.co\/index.php\/wp-json\/wp\/v2\/tags?post=7230"}],"curies":[{"name":"wp","href":"https:\/\/api.w.org\/{rel}","templated":true}]}}