{"id":723,"date":"2024-01-24T09:53:56","date_gmt":"2024-01-24T14:53:56","guid":{"rendered":"https:\/\/colombiaopina.com.co\/?p=723"},"modified":"2024-01-24T09:53:59","modified_gmt":"2024-01-24T14:53:59","slug":"investigacion-en-marcha-fiscalia-recopila-pruebas-en-caso-de-fondo-fijo-de-daniel-quintero","status":"publish","type":"post","link":"https:\/\/colombiaopina.com.co\/index.php\/2024\/01\/24\/investigacion-en-marcha-fiscalia-recopila-pruebas-en-caso-de-fondo-fijo-de-daniel-quintero\/","title":{"rendered":"Investigaci\u00f3n en marcha: Fiscal\u00eda recopila pruebas en caso de fondo Fijo de Daniel Quintero"},"content":{"rendered":"<p>La Fiscal\u00eda General de la Naci\u00f3n ha intensificado su investigaci\u00f3n sobre el uso del Fondo Fijo Reembolsable durante la administraci\u00f3n del exalcalde de Medell\u00edn, Daniel Quintero Calle. Funcionarios de la entidad, actuando como polic\u00eda judicial, retiraron una cantidad significativa de documentos del Centro Administrativo La Alpujarra, relacionados con el manejo del fondo durante el per\u00edodo 2020-2023.<\/p><p>La recolecci\u00f3n de esta documentaci\u00f3n es parte de una investigaci\u00f3n m\u00e1s amplia que podr\u00eda resultar en imputaciones a exfuncionarios de la administraci\u00f3n distrital, incluyendo al propio Quintero. La Contralor\u00eda General de Medell\u00edn hab\u00eda se\u00f1alado previamente un posible detrimento patrimonial de 124 millones de pesos relacionado con el fondo.<\/p><p>La denuncia inicial, presentada por la abogada Gloria Jaramillo en 2023, revel\u00f3 irregularidades en el uso de la \u00abcaja menor\u00bb para pagos de facturas sin los justificantes adecuados, incluyendo pagos dobles. La Fiscal\u00eda se llev\u00f3 al menos 28 cajas con documentos que respaldan los pagos realizados desde el fondo fijo.<\/p><p>El fiscal Francisco Barbosa anunciar\u00e1 en las pr\u00f3ximas semanas los resultados de la investigaci\u00f3n, que podr\u00eda tener implicaciones significativas para la administraci\u00f3n anterior de Medell\u00edn.<\/p>","protected":false},"excerpt":{"rendered":"<p>La Fiscal\u00eda General de la Naci\u00f3n ha intensificado su investigaci\u00f3n sobre el uso del Fondo Fijo Reembolsable durante la administraci\u00f3n del exalcalde de Medell\u00edn, Daniel Quintero Calle. Funcionarios de la entidad, actuando como polic\u00eda judicial, retiraron una cantidad significativa de documentos del Centro Administrativo La Alpujarra, relacionados con el manejo del fondo durante el per\u00edodo [&hellip;]<\/p>\n","protected":false},"author":4,"featured_media":724,"comment_status":"open","ping_status":"open","sticky":false,"template":"","format":"standard","meta":{"tdm_status":"","tdm_grid_status":"","_jetpack_memberships_contains_paid_content":false,"footnotes":""},"categories":[54,86],"tags":[90],"class_list":{"0":"post-723","1":"post","2":"type-post","3":"status-publish","4":"format-standard","5":"has-post-thumbnail","7":"category-medellin","8":"category-politica","9":"tag-judicial"},"jetpack_sharing_enabled":true,"jetpack_featured_media_url":"https:\/\/colombiaopina.com.co\/wp-content\/uploads\/2024\/01\/imputan-cargos-a-exfuncionarios-de-la-administracion-de-daniel-quintero-en-medellin-1203201.jpg","amp_enabled":true,"_links":{"self":[{"href":"https:\/\/colombiaopina.com.co\/index.php\/wp-json\/wp\/v2\/posts\/723"}],"collection":[{"href":"https:\/\/colombiaopina.com.co\/index.php\/wp-json\/wp\/v2\/posts"}],"about":[{"href":"https:\/\/colombiaopina.com.co\/index.php\/wp-json\/wp\/v2\/types\/post"}],"author":[{"embeddable":true,"href":"https:\/\/colombiaopina.com.co\/index.php\/wp-json\/wp\/v2\/users\/4"}],"replies":[{"embeddable":true,"href":"https:\/\/colombiaopina.com.co\/index.php\/wp-json\/wp\/v2\/comments?post=723"}],"version-history":[{"count":1,"href":"https:\/\/colombiaopina.com.co\/index.php\/wp-json\/wp\/v2\/posts\/723\/revisions"}],"predecessor-version":[{"id":725,"href":"https:\/\/colombiaopina.com.co\/index.php\/wp-json\/wp\/v2\/posts\/723\/revisions\/725"}],"wp:featuredmedia":[{"embeddable":true,"href":"https:\/\/colombiaopina.com.co\/index.php\/wp-json\/wp\/v2\/media\/724"}],"wp:attachment":[{"href":"https:\/\/colombiaopina.com.co\/index.php\/wp-json\/wp\/v2\/media?parent=723"}],"wp:term":[{"taxonomy":"category","embeddable":true,"href":"https:\/\/colombiaopina.com.co\/index.php\/wp-json\/wp\/v2\/categories?post=723"},{"taxonomy":"post_tag","embeddable":true,"href":"https:\/\/colombiaopina.com.co\/index.php\/wp-json\/wp\/v2\/tags?post=723"}],"curies":[{"name":"wp","href":"https:\/\/api.w.org\/{rel}","templated":true}]}}