{"id":720,"date":"2024-01-24T09:45:58","date_gmt":"2024-01-24T14:45:58","guid":{"rendered":"https:\/\/colombiaopina.com.co\/?p=720"},"modified":"2024-01-24T09:46:01","modified_gmt":"2024-01-24T14:46:01","slug":"nuevo-asentamiento-indigena-en-cerro-pan-de-azucar-desplazados-del-choco-buscan-refugio-en-medellin","status":"publish","type":"post","link":"https:\/\/colombiaopina.com.co\/index.php\/2024\/01\/24\/nuevo-asentamiento-indigena-en-cerro-pan-de-azucar-desplazados-del-choco-buscan-refugio-en-medellin\/","title":{"rendered":"Nuevo asentamiento ind\u00edgena en Cerro Pan de Az\u00facar: Desplazados del Choc\u00f3 buscan refugio en Medell\u00edn"},"content":{"rendered":"<p>Un grupo de ind\u00edgenas del Choc\u00f3 ha establecido un asentamiento en la ladera del Cerro Pan de Az\u00facar en Medell\u00edn. Este movimiento se produce en medio de la crisis humanitaria que enfrentan estas comunidades, desplazadas por la violencia en sus territorios ancestrales.<\/p><p>El asentamiento, que ha generado preocupaci\u00f3n entre las autoridades locales, busca llamar la atenci\u00f3n sobre la dif\u00edcil situaci\u00f3n que enfrentan los ind\u00edgenas del Choc\u00f3. Estas comunidades han sido v\u00edctimas de desplazamiento forzado, violencia y falta de acceso a servicios b\u00e1sicos.<\/p><p>La Alcald\u00eda de Medell\u00edn y las autoridades competentes est\u00e1n evaluando la situaci\u00f3n para proporcionar asistencia y soluciones a largo plazo a estas comunidades. El asentamiento en el Cerro Pan de Az\u00facar es un reflejo de la crisis humanitaria que afecta a muchas comunidades ind\u00edgenas en Colombia.<\/p><figure class=\"wp-block-embed is-type-rich is-provider-twitter wp-block-embed-twitter\"><div class=\"wp-block-embed__wrapper\">\n<blockquote class=\"twitter-tweet\" data-width=\"550\" data-dnt=\"true\"><p lang=\"es\" dir=\"ltr\"><a href=\"https:\/\/twitter.com\/hashtag\/Atenci%C3%B3n?src=hash&amp;ref_src=twsrc%5Etfw\">#Atenci\u00f3n<\/a> 123 personas, de los cuales 90 son adultos, 30 ni\u00f1os y 3 personas mayores, pertenecientes a la comunidad ind\u00edgena embera, que llegaron a la ciudad en condici\u00f3n de desplazados por la violencia, intentan  hacer un asentamiento en el cerro pan de az\u00facar, al lugar se dirige\u2026 <a href=\"https:\/\/t.co\/uLd78tD1an\">pic.twitter.com\/uLd78tD1an<\/a><\/p>&mdash; William Yeffer Vivas Lloreda (@WilliamYeffer) <a href=\"https:\/\/twitter.com\/WilliamYeffer\/status\/1749854788097839309?ref_src=twsrc%5Etfw\">January 23, 2024<\/a><\/blockquote><script async src=\"https:\/\/platform.twitter.com\/widgets.js\" charset=\"utf-8\"><\/script>\n<\/div><\/figure><p>Este asentamiento tambi\u00e9n plantea desaf\u00edos en t\u00e9rminos de gesti\u00f3n del espacio urbano y atenci\u00f3n a las necesidades de los desplazados. La situaci\u00f3n requiere una respuesta coordinada y humanitaria para garantizar la seguridad y el bienestar de estas comunidades vulnerables.<\/p>","protected":false},"excerpt":{"rendered":"<p>Un grupo de ind\u00edgenas del Choc\u00f3 ha establecido un asentamiento en la ladera del Cerro Pan de Az\u00facar en Medell\u00edn. Este movimiento se produce en medio de la crisis humanitaria que enfrentan estas comunidades, desplazadas por la violencia en sus territorios ancestrales. El asentamiento, que ha generado preocupaci\u00f3n entre las autoridades locales, busca llamar la [&hellip;]<\/p>\n","protected":false},"author":4,"featured_media":721,"comment_status":"open","ping_status":"open","sticky":false,"template":"","format":"standard","meta":{"tdm_status":"","tdm_grid_status":"","_jetpack_memberships_contains_paid_content":false,"footnotes":""},"categories":[38,54,49,86,41],"tags":[],"class_list":{"0":"post-720","1":"post","2":"type-post","3":"status-publish","4":"format-standard","5":"has-post-thumbnail","7":"category-antioquia","8":"category-medellin","9":"category-orden-publico","10":"category-politica","11":"category-seguridad"},"jetpack_sharing_enabled":true,"jetpack_featured_media_url":"https:\/\/colombiaopina.com.co\/wp-content\/uploads\/2024\/01\/asentamiento_indigena_en_el_cerro_pan_de_azucar_medellin_0.jpg","amp_enabled":true,"_links":{"self":[{"href":"https:\/\/colombiaopina.com.co\/index.php\/wp-json\/wp\/v2\/posts\/720"}],"collection":[{"href":"https:\/\/colombiaopina.com.co\/index.php\/wp-json\/wp\/v2\/posts"}],"about":[{"href":"https:\/\/colombiaopina.com.co\/index.php\/wp-json\/wp\/v2\/types\/post"}],"author":[{"embeddable":true,"href":"https:\/\/colombiaopina.com.co\/index.php\/wp-json\/wp\/v2\/users\/4"}],"replies":[{"embeddable":true,"href":"https:\/\/colombiaopina.com.co\/index.php\/wp-json\/wp\/v2\/comments?post=720"}],"version-history":[{"count":1,"href":"https:\/\/colombiaopina.com.co\/index.php\/wp-json\/wp\/v2\/posts\/720\/revisions"}],"predecessor-version":[{"id":722,"href":"https:\/\/colombiaopina.com.co\/index.php\/wp-json\/wp\/v2\/posts\/720\/revisions\/722"}],"wp:featuredmedia":[{"embeddable":true,"href":"https:\/\/colombiaopina.com.co\/index.php\/wp-json\/wp\/v2\/media\/721"}],"wp:attachment":[{"href":"https:\/\/colombiaopina.com.co\/index.php\/wp-json\/wp\/v2\/media?parent=720"}],"wp:term":[{"taxonomy":"category","embeddable":true,"href":"https:\/\/colombiaopina.com.co\/index.php\/wp-json\/wp\/v2\/categories?post=720"},{"taxonomy":"post_tag","embeddable":true,"href":"https:\/\/colombiaopina.com.co\/index.php\/wp-json\/wp\/v2\/tags?post=720"}],"curies":[{"name":"wp","href":"https:\/\/api.w.org\/{rel}","templated":true}]}}