{"id":7170,"date":"2024-08-02T07:27:25","date_gmt":"2024-08-02T12:27:25","guid":{"rendered":"https:\/\/colombiaopina.com.co\/?p=7170"},"modified":"2024-08-02T07:27:31","modified_gmt":"2024-08-02T12:27:31","slug":"maduro-endurece-represion-mas-de-1200-manifestantes-seran-enviados-a-carceles-de-maxima-seguridad","status":"publish","type":"post","link":"https:\/\/colombiaopina.com.co\/index.php\/2024\/08\/02\/maduro-endurece-represion-mas-de-1200-manifestantes-seran-enviados-a-carceles-de-maxima-seguridad\/","title":{"rendered":"Maduro endurece represi\u00f3n: m\u00e1s de 1,200 manifestantes ser\u00e1n enviados a c\u00e1rceles de m\u00e1xima seguridad"},"content":{"rendered":"<p>En un movimiento que intensifica la represi\u00f3n contra los manifestantes, el presidente de Venezuela, Nicol\u00e1s Maduro, orden\u00f3 el jueves 1 de agosto el encarcelamiento de m\u00e1s de 1,200 detenidos en dos prisiones de m\u00e1xima seguridad. Esta decisi\u00f3n se produce tras las protestas masivas que han estallado en el pa\u00eds en respuesta a los controvertidos resultados electorales del pasado domingo, que ratificaron a Maduro como ganador, un resultado que ha sido ampliamente cuestionado por la oposici\u00f3n y la comunidad internacional.<br><\/p><p>Maduro anunci\u00f3 que las c\u00e1rceles de Tocor\u00f3n y Tocuyito, situadas en los estados de Aragua y Carabobo respectivamente, ser\u00e1n los nuevos destinos para los detenidos. \u201cEstoy preparando dos c\u00e1rceles, que debo tener listas en 15 d\u00edas, ya estaban prepar\u00e1ndose, y todos los guarimberos van para estos penales\u201d, declar\u00f3 el mandatario durante una reuni\u00f3n con empresarios. El t\u00e9rmino \u201cguarimberos\u201d es usado por el chavismo para referirse a los manifestantes antigubernamentales.<br><\/p><p>El presidente reiter\u00f3 que los detenidos son parte de un supuesto golpe de Estado en su contra y asegur\u00f3 que no habr\u00e1 perd\u00f3n ni contemplaci\u00f3n. \u201cNo va a haber perd\u00f3n ni contemplaci\u00f3n\u201d, enfatiz\u00f3 Maduro, recordando que el Estado actuar\u00e1 \u201cen el marco de la Constituci\u00f3n y de las leyes\u201d. Adem\u00e1s, sugiri\u00f3 que estas c\u00e1rceles de m\u00e1xima seguridad se transformar\u00e1n en granjas productivas, siguiendo el modelo implementado durante la dictadura de Marco P\u00e9rez Jim\u00e9nez (1952-1958).<br><\/p><figure class=\"wp-block-image size-full\"><img loading=\"lazy\" decoding=\"async\" width=\"800\" height=\"450\" src=\"https:\/\/colombiaopina.com.co\/wp-content\/uploads\/2024\/08\/IMG_4763.webp\" alt=\"\" class=\"wp-image-7150\" srcset=\"https:\/\/colombiaopina.com.co\/wp-content\/uploads\/2024\/08\/IMG_4763.webp 800w, https:\/\/colombiaopina.com.co\/wp-content\/uploads\/2024\/08\/IMG_4763-300x169.webp 300w, https:\/\/colombiaopina.com.co\/wp-content\/uploads\/2024\/08\/IMG_4763-768x432.webp 768w, https:\/\/colombiaopina.com.co\/wp-content\/uploads\/2024\/08\/IMG_4763-150x84.webp 150w, https:\/\/colombiaopina.com.co\/wp-content\/uploads\/2024\/08\/IMG_4763-696x392.webp 696w, https:\/\/colombiaopina.com.co\/wp-content\/uploads\/2024\/08\/IMG_4763-600x338.webp 600w\" sizes=\"(max-width: 800px) 100vw, 800px\" \/><\/figure><p>Las manifestaciones, que han dejado un saldo de 11 muertos seg\u00fan organizaciones no gubernamentales, fueron desencadenadas por la percepci\u00f3n de fraude en las elecciones. La oposici\u00f3n, liderada por Edmundo Gonz\u00e1lez Urrutia, ha publicado actas electorales que, seg\u00fan ellos, demuestran que Gonz\u00e1lez gan\u00f3 los comicios por un amplio margen. Mientras tanto, el Consejo Nacional Electoral a\u00fan no ha publicado los resultados completos, violando la normativa establecida, lo que ha generado una mayor demanda de transparencia tanto a nivel nacional como internacional.<br><\/p><p>La comunidad internacional ha seguido de cerca estos eventos, con numerosos pa\u00edses y organizaciones pidiendo una verificaci\u00f3n imparcial de los resultados y la liberaci\u00f3n de los detenidos. La situaci\u00f3n en Venezuela sigue siendo tensa, y la respuesta del gobierno a las protestas ha sido duramente criticada por defensores de los derechos humanos y l\u00edderes pol\u00edticos en todo el mundo.<\/p>","protected":false},"excerpt":{"rendered":"<p>En un movimiento que intensifica la represi\u00f3n contra los manifestantes, el presidente de Venezuela, Nicol\u00e1s Maduro, orden\u00f3 el jueves 1 de agosto el encarcelamiento de m\u00e1s de 1,200 detenidos en dos prisiones de m\u00e1xima seguridad. Esta decisi\u00f3n se produce tras las protestas masivas que han estallado en el pa\u00eds en respuesta a los controvertidos resultados [&hellip;]<\/p>\n","protected":false},"author":4,"featured_media":7151,"comment_status":"open","ping_status":"open","sticky":false,"template":"","format":"standard","meta":{"tdm_status":"","tdm_grid_status":"","_jetpack_memberships_contains_paid_content":false,"footnotes":""},"categories":[53,49,86],"tags":[588,2096,127,2095,583],"class_list":{"0":"post-7170","1":"post","2":"type-post","3":"status-publish","4":"format-standard","5":"has-post-thumbnail","7":"category-internacional","8":"category-orden-publico","9":"category-politica","10":"tag-maduro","11":"tag-manifestantes","12":"tag-orden-publico","13":"tag-represion","14":"tag-venezuela"},"jetpack_sharing_enabled":true,"jetpack_featured_media_url":"https:\/\/colombiaopina.com.co\/wp-content\/uploads\/2024\/08\/IMG_4764.webp","amp_enabled":true,"_links":{"self":[{"href":"https:\/\/colombiaopina.com.co\/index.php\/wp-json\/wp\/v2\/posts\/7170"}],"collection":[{"href":"https:\/\/colombiaopina.com.co\/index.php\/wp-json\/wp\/v2\/posts"}],"about":[{"href":"https:\/\/colombiaopina.com.co\/index.php\/wp-json\/wp\/v2\/types\/post"}],"author":[{"embeddable":true,"href":"https:\/\/colombiaopina.com.co\/index.php\/wp-json\/wp\/v2\/users\/4"}],"replies":[{"embeddable":true,"href":"https:\/\/colombiaopina.com.co\/index.php\/wp-json\/wp\/v2\/comments?post=7170"}],"version-history":[{"count":1,"href":"https:\/\/colombiaopina.com.co\/index.php\/wp-json\/wp\/v2\/posts\/7170\/revisions"}],"predecessor-version":[{"id":7171,"href":"https:\/\/colombiaopina.com.co\/index.php\/wp-json\/wp\/v2\/posts\/7170\/revisions\/7171"}],"wp:featuredmedia":[{"embeddable":true,"href":"https:\/\/colombiaopina.com.co\/index.php\/wp-json\/wp\/v2\/media\/7151"}],"wp:attachment":[{"href":"https:\/\/colombiaopina.com.co\/index.php\/wp-json\/wp\/v2\/media?parent=7170"}],"wp:term":[{"taxonomy":"category","embeddable":true,"href":"https:\/\/colombiaopina.com.co\/index.php\/wp-json\/wp\/v2\/categories?post=7170"},{"taxonomy":"post_tag","embeddable":true,"href":"https:\/\/colombiaopina.com.co\/index.php\/wp-json\/wp\/v2\/tags?post=7170"}],"curies":[{"name":"wp","href":"https:\/\/api.w.org\/{rel}","templated":true}]}}