{"id":717,"date":"2024-01-24T09:35:34","date_gmt":"2024-01-24T14:35:34","guid":{"rendered":"https:\/\/colombiaopina.com.co\/?p=717"},"modified":"2024-01-24T09:35:37","modified_gmt":"2024-01-24T14:35:37","slug":"horror-en-medellin-monja-torturada-y-abusada-en-convento-de-san-cristobal","status":"publish","type":"post","link":"https:\/\/colombiaopina.com.co\/index.php\/2024\/01\/24\/horror-en-medellin-monja-torturada-y-abusada-en-convento-de-san-cristobal\/","title":{"rendered":"Horror en Medell\u00edn: Monja torturada y abusada en convento de San Crist\u00f3bal"},"content":{"rendered":"<p>En un hecho conmocionante, una monja del monasterio Santa Teresita en el corregimiento San Crist\u00f3bal de Medell\u00edn fue v\u00edctima de violencia sexual. La religiosa, que pertenece a una congregaci\u00f3n de clausura, fue encontrada inconsciente, encadenada y con signos de tortura en una quebrada cercana al monasterio.<\/p><p>Los hechos ocurrieron en la noche del lunes, cuando la monja no se present\u00f3 a la cena y sus compa\u00f1eras iniciaron su b\u00fasqueda. La encontraron tras seguir un rastro de prendas esparcidas, lo que llev\u00f3 a un descubrimiento desgarrador: la hermana estaba atada y hab\u00eda sido violentada.<\/p><p>La Polic\u00eda Metropolitana y otros organismos judiciales iniciaron investigaciones para identificar al responsable del ataque. La v\u00edctima, de unos 30 a\u00f1os, fue trasladada al Hospital Pablo Tob\u00f3n Uribe, donde se confirm\u00f3 el abuso sexual.<\/p><p>Este incidente ha causado alarma en la comunidad religiosa y en Medell\u00edn. La Secretar\u00eda de las Mujeres de la ciudad, liderada por Valeria Molina, ha activado la ruta de atenci\u00f3n fucsia y est\u00e1 brindando apoyo a la v\u00edctima. La Alcald\u00eda y la Polic\u00eda est\u00e1n considerando ofrecer una recompensa por informaci\u00f3n que conduzca al arresto del agresor.<\/p>","protected":false},"excerpt":{"rendered":"<p>En un hecho conmocionante, una monja del monasterio Santa Teresita en el corregimiento San Crist\u00f3bal de Medell\u00edn fue v\u00edctima de violencia sexual. La religiosa, que pertenece a una congregaci\u00f3n de clausura, fue encontrada inconsciente, encadenada y con signos de tortura en una quebrada cercana al monasterio. Los hechos ocurrieron en la noche del lunes, cuando [&hellip;]<\/p>\n","protected":false},"author":4,"featured_media":718,"comment_status":"open","ping_status":"open","sticky":false,"template":"","format":"standard","meta":{"tdm_status":"","tdm_grid_status":"","_jetpack_memberships_contains_paid_content":false,"footnotes":""},"categories":[38,49,41],"tags":[],"class_list":{"0":"post-717","1":"post","2":"type-post","3":"status-publish","4":"format-standard","5":"has-post-thumbnail","7":"category-antioquia","8":"category-orden-publico","9":"category-seguridad"},"jetpack_sharing_enabled":true,"jetpack_featured_media_url":"https:\/\/colombiaopina.com.co\/wp-content\/uploads\/2024\/01\/20240123150006-dji-0333_44240398_20240123195459.jpg","amp_enabled":true,"_links":{"self":[{"href":"https:\/\/colombiaopina.com.co\/index.php\/wp-json\/wp\/v2\/posts\/717"}],"collection":[{"href":"https:\/\/colombiaopina.com.co\/index.php\/wp-json\/wp\/v2\/posts"}],"about":[{"href":"https:\/\/colombiaopina.com.co\/index.php\/wp-json\/wp\/v2\/types\/post"}],"author":[{"embeddable":true,"href":"https:\/\/colombiaopina.com.co\/index.php\/wp-json\/wp\/v2\/users\/4"}],"replies":[{"embeddable":true,"href":"https:\/\/colombiaopina.com.co\/index.php\/wp-json\/wp\/v2\/comments?post=717"}],"version-history":[{"count":1,"href":"https:\/\/colombiaopina.com.co\/index.php\/wp-json\/wp\/v2\/posts\/717\/revisions"}],"predecessor-version":[{"id":719,"href":"https:\/\/colombiaopina.com.co\/index.php\/wp-json\/wp\/v2\/posts\/717\/revisions\/719"}],"wp:featuredmedia":[{"embeddable":true,"href":"https:\/\/colombiaopina.com.co\/index.php\/wp-json\/wp\/v2\/media\/718"}],"wp:attachment":[{"href":"https:\/\/colombiaopina.com.co\/index.php\/wp-json\/wp\/v2\/media?parent=717"}],"wp:term":[{"taxonomy":"category","embeddable":true,"href":"https:\/\/colombiaopina.com.co\/index.php\/wp-json\/wp\/v2\/categories?post=717"},{"taxonomy":"post_tag","embeddable":true,"href":"https:\/\/colombiaopina.com.co\/index.php\/wp-json\/wp\/v2\/tags?post=717"}],"curies":[{"name":"wp","href":"https:\/\/api.w.org\/{rel}","templated":true}]}}