{"id":7166,"date":"2024-08-02T07:19:41","date_gmt":"2024-08-02T12:19:41","guid":{"rendered":"https:\/\/colombiaopina.com.co\/?p=7166"},"modified":"2024-08-02T07:19:46","modified_gmt":"2024-08-02T12:19:46","slug":"maria-corina-machado-llama-a-una-gran-marcha-nacional-para-defender-la-democracia-en-venezuela","status":"publish","type":"post","link":"https:\/\/colombiaopina.com.co\/index.php\/2024\/08\/02\/maria-corina-machado-llama-a-una-gran-marcha-nacional-para-defender-la-democracia-en-venezuela\/","title":{"rendered":"Mar\u00eda Corina Machado llama a una gran marcha nacional para defender la democracia en Venezuela"},"content":{"rendered":"<p>En un momento de alta tensi\u00f3n pol\u00edtica en Venezuela, la l\u00edder opositora Mar\u00eda Corina Machado ha convocado a los venezolanos a participar en una marcha masiva este s\u00e1bado a las 10:00 a.m. en todo el pa\u00eds. A trav\u00e9s de sus redes sociales, Machado hizo un llamado urgente para que los ciudadanos salgan a las calles y exijan el respeto a la voluntad popular expresada en las elecciones presidenciales del 28 de julio.<br><\/p><p>\u201cGan\u00f3 cada mam\u00e1 que quiere de vuelta sus hijos, gan\u00f3 cada joven, gan\u00f3 Venezuela y ahora vamos a cobrar\u201d, declar\u00f3 Machado, reafirmando su postura de que los resultados oficiales no reflejan la verdadera decisi\u00f3n del pueblo venezolano. Seg\u00fan Machado, su equipo ha recopilado m\u00e1s del 80% de las actas de votaci\u00f3n, las cuales confirman la victoria de Edmundo Gonz\u00e1lez como presidente de Venezuela.<br><\/p><p>La situaci\u00f3n en Venezuela se ha vuelto cada vez m\u00e1s cr\u00edtica, con el gobierno de Nicol\u00e1s Maduro manteniendo una firme postura en defensa de los resultados proclamados por el Consejo Nacional Electoral. La represi\u00f3n se ha intensificado, resultando en al menos 20 muertos, m\u00e1s de 1,000 personas encarceladas y 11 desapariciones forzadas desde el anuncio de los resultados oficiales. Machado, actualmente en la clandestinidad y temiendo por su vida y libertad, ha insistido en la necesidad de mantener la presi\u00f3n en las calles y la comunidad internacional para asegurar una transici\u00f3n democr\u00e1tica.<br><\/p><figure class=\"wp-block-image size-full\"><img loading=\"lazy\" decoding=\"async\" width=\"880\" height=\"586\" src=\"https:\/\/colombiaopina.com.co\/wp-content\/uploads\/2024\/08\/IMG_4759.jpeg\" alt=\"\" class=\"wp-image-7146\" srcset=\"https:\/\/colombiaopina.com.co\/wp-content\/uploads\/2024\/08\/IMG_4759.jpeg 880w, https:\/\/colombiaopina.com.co\/wp-content\/uploads\/2024\/08\/IMG_4759-300x200.jpeg 300w, https:\/\/colombiaopina.com.co\/wp-content\/uploads\/2024\/08\/IMG_4759-768x511.jpeg 768w, https:\/\/colombiaopina.com.co\/wp-content\/uploads\/2024\/08\/IMG_4759-150x100.jpeg 150w, https:\/\/colombiaopina.com.co\/wp-content\/uploads\/2024\/08\/IMG_4759-696x463.jpeg 696w, https:\/\/colombiaopina.com.co\/wp-content\/uploads\/2024\/08\/IMG_4759-600x400.jpeg 600w\" sizes=\"(max-width: 880px) 100vw, 880px\" \/><\/figure><p>La convocatoria de Machado tambi\u00e9n ha resonado en el \u00e1mbito internacional. La congresista estadounidense Mar\u00eda Elvira Salazar advirti\u00f3 que \u201csi el chavismo le toca un pelo a Mar\u00eda Corina Machado o Edmundo Gonz\u00e1lez, EE. UU. se encargar\u00e1\u201d. Esta declaraci\u00f3n subraya la creciente presi\u00f3n internacional sobre el r\u00e9gimen de Maduro para que respete los derechos humanos y las normas democr\u00e1ticas en Venezuela.<br><\/p><p>Mientras tanto, el secretario general de la OEA, Luis Almagro, ha pedido la imputaci\u00f3n de cargos y la emisi\u00f3n de una orden de aprehensi\u00f3n contra Maduro, aumentando a\u00fan m\u00e1s la presi\u00f3n sobre el gobierno venezolano. En este contexto, la marcha convocada por Mar\u00eda Corina Machado se perfila como un momento crucial en la lucha por la democracia en Venezuela, uniendo a los ciudadanos en un grito colectivo por la libertad y la justicia.<\/p>","protected":false},"excerpt":{"rendered":"<p>En un momento de alta tensi\u00f3n pol\u00edtica en Venezuela, la l\u00edder opositora Mar\u00eda Corina Machado ha convocado a los venezolanos a participar en una marcha masiva este s\u00e1bado a las 10:00 a.m. en todo el pa\u00eds. A trav\u00e9s de sus redes sociales, Machado hizo un llamado urgente para que los ciudadanos salgan a las calles [&hellip;]<\/p>\n","protected":false},"author":4,"featured_media":7147,"comment_status":"open","ping_status":"open","sticky":false,"template":"","format":"standard","meta":{"tdm_status":"","tdm_grid_status":"","_jetpack_memberships_contains_paid_content":false,"footnotes":""},"categories":[53,86],"tags":[853,143,2093,583],"class_list":{"0":"post-7166","1":"post","2":"type-post","3":"status-publish","4":"format-standard","5":"has-post-thumbnail","7":"category-internacional","8":"category-politica","9":"tag-corina","10":"tag-democracia","11":"tag-marcha-nacional","12":"tag-venezuela"},"jetpack_sharing_enabled":true,"jetpack_featured_media_url":"https:\/\/colombiaopina.com.co\/wp-content\/uploads\/2024\/08\/IMG_4760.webp","amp_enabled":true,"_links":{"self":[{"href":"https:\/\/colombiaopina.com.co\/index.php\/wp-json\/wp\/v2\/posts\/7166"}],"collection":[{"href":"https:\/\/colombiaopina.com.co\/index.php\/wp-json\/wp\/v2\/posts"}],"about":[{"href":"https:\/\/colombiaopina.com.co\/index.php\/wp-json\/wp\/v2\/types\/post"}],"author":[{"embeddable":true,"href":"https:\/\/colombiaopina.com.co\/index.php\/wp-json\/wp\/v2\/users\/4"}],"replies":[{"embeddable":true,"href":"https:\/\/colombiaopina.com.co\/index.php\/wp-json\/wp\/v2\/comments?post=7166"}],"version-history":[{"count":1,"href":"https:\/\/colombiaopina.com.co\/index.php\/wp-json\/wp\/v2\/posts\/7166\/revisions"}],"predecessor-version":[{"id":7167,"href":"https:\/\/colombiaopina.com.co\/index.php\/wp-json\/wp\/v2\/posts\/7166\/revisions\/7167"}],"wp:featuredmedia":[{"embeddable":true,"href":"https:\/\/colombiaopina.com.co\/index.php\/wp-json\/wp\/v2\/media\/7147"}],"wp:attachment":[{"href":"https:\/\/colombiaopina.com.co\/index.php\/wp-json\/wp\/v2\/media?parent=7166"}],"wp:term":[{"taxonomy":"category","embeddable":true,"href":"https:\/\/colombiaopina.com.co\/index.php\/wp-json\/wp\/v2\/categories?post=7166"},{"taxonomy":"post_tag","embeddable":true,"href":"https:\/\/colombiaopina.com.co\/index.php\/wp-json\/wp\/v2\/tags?post=7166"}],"curies":[{"name":"wp","href":"https:\/\/api.w.org\/{rel}","templated":true}]}}