{"id":713,"date":"2024-01-24T09:27:04","date_gmt":"2024-01-24T14:27:04","guid":{"rendered":"https:\/\/colombiaopina.com.co\/?p=713"},"modified":"2024-01-24T09:27:07","modified_gmt":"2024-01-24T14:27:07","slug":"antioquia-en-alerta-dia-critico-con-16-incendios-forestales","status":"publish","type":"post","link":"https:\/\/colombiaopina.com.co\/index.php\/2024\/01\/24\/antioquia-en-alerta-dia-critico-con-16-incendios-forestales\/","title":{"rendered":"Antioquia en alerta: D\u00eda cr\u00edtico con 16 incendios forestales"},"content":{"rendered":"<p>El Departamento Administrativo de Gesti\u00f3n de Riesgos de Desastres de Antioquia (Dagran) inform\u00f3 que en un solo d\u00eda, el martes 23 de enero, se presentaron 16 incendios forestales en varios municipios de Antioquia. Los incendios afectaron a Santa B\u00e1rbara, San Francisco, San Vicente, Puerto Nare, Angostura, El Retiro, Granada, Sopetr\u00e1n, Carolina del Pr\u00edncipe y Amalfi, y fueron controlados por los cuerpos de bomberos de cada municipio.<\/p><p>En Rionegro, se report\u00f3 un incendio de cobertura vegetal en cercan\u00edas a la Instalaci\u00f3n Educativa Baldomero San\u00edn, en un \u00e1rea de vegetaci\u00f3n secundaria y \u00e1rboles de porte alto. Las autoridades locales intervinieron con dos m\u00e1quinas de bomberos para controlar la conflagraci\u00f3n.<\/p><p>En Medell\u00edn y el Valle de Aburr\u00e1, se registraron cuatro incendios forestales adicionales, atendidos por 15 unidades bomberiles. Los incendios se presentaron en el barrio El Poblado, cerca al centro comercial El Tesoro; en el barrio Bel\u00e9n F\u00e1tima; en el Parque Ecol\u00f3gico Las Tinajas, de Villatina; y en el barrio Par\u00eds del municipio de Bello.<\/p><p>La \u00faltima emergencia se registr\u00f3 en el Cerro Pan de Az\u00facar, donde 15 unidades bomberiles controlaron al menos cuatro peque\u00f1os incendios que se juntaron, afectando seis hect\u00e1reas. Los ind\u00edgenas asentados en el cerro resultaron ilesos. Estos incendios forestales resaltan la urgencia de medidas preventivas y de respuesta r\u00e1pida ante la creciente amenaza de incendios en la regi\u00f3n.<\/p>","protected":false},"excerpt":{"rendered":"<p>El Departamento Administrativo de Gesti\u00f3n de Riesgos de Desastres de Antioquia (Dagran) inform\u00f3 que en un solo d\u00eda, el martes 23 de enero, se presentaron 16 incendios forestales en varios municipios de Antioquia. Los incendios afectaron a Santa B\u00e1rbara, San Francisco, San Vicente, Puerto Nare, Angostura, El Retiro, Granada, Sopetr\u00e1n, Carolina del Pr\u00edncipe y Amalfi, [&hellip;]<\/p>\n","protected":false},"author":4,"featured_media":714,"comment_status":"open","ping_status":"open","sticky":false,"template":"","format":"standard","meta":{"tdm_status":"","tdm_grid_status":"","_jetpack_memberships_contains_paid_content":false,"footnotes":""},"categories":[38,45,44],"tags":[],"class_list":{"0":"post-713","1":"post","2":"type-post","3":"status-publish","4":"format-standard","5":"has-post-thumbnail","7":"category-antioquia","8":"category-emergencias","9":"category-medio-ambiente"},"jetpack_sharing_enabled":true,"jetpack_featured_media_url":"https:\/\/colombiaopina.com.co\/wp-content\/uploads\/2024\/01\/WhatsApp-Image-2024-01-22-at-4.11.06-PM.webp","amp_enabled":true,"_links":{"self":[{"href":"https:\/\/colombiaopina.com.co\/index.php\/wp-json\/wp\/v2\/posts\/713"}],"collection":[{"href":"https:\/\/colombiaopina.com.co\/index.php\/wp-json\/wp\/v2\/posts"}],"about":[{"href":"https:\/\/colombiaopina.com.co\/index.php\/wp-json\/wp\/v2\/types\/post"}],"author":[{"embeddable":true,"href":"https:\/\/colombiaopina.com.co\/index.php\/wp-json\/wp\/v2\/users\/4"}],"replies":[{"embeddable":true,"href":"https:\/\/colombiaopina.com.co\/index.php\/wp-json\/wp\/v2\/comments?post=713"}],"version-history":[{"count":1,"href":"https:\/\/colombiaopina.com.co\/index.php\/wp-json\/wp\/v2\/posts\/713\/revisions"}],"predecessor-version":[{"id":715,"href":"https:\/\/colombiaopina.com.co\/index.php\/wp-json\/wp\/v2\/posts\/713\/revisions\/715"}],"wp:featuredmedia":[{"embeddable":true,"href":"https:\/\/colombiaopina.com.co\/index.php\/wp-json\/wp\/v2\/media\/714"}],"wp:attachment":[{"href":"https:\/\/colombiaopina.com.co\/index.php\/wp-json\/wp\/v2\/media?parent=713"}],"wp:term":[{"taxonomy":"category","embeddable":true,"href":"https:\/\/colombiaopina.com.co\/index.php\/wp-json\/wp\/v2\/categories?post=713"},{"taxonomy":"post_tag","embeddable":true,"href":"https:\/\/colombiaopina.com.co\/index.php\/wp-json\/wp\/v2\/tags?post=713"}],"curies":[{"name":"wp","href":"https:\/\/api.w.org\/{rel}","templated":true}]}}