{"id":7045,"date":"2024-07-31T11:50:07","date_gmt":"2024-07-31T16:50:07","guid":{"rendered":"https:\/\/colombiaopina.com.co\/?p=7045"},"modified":"2024-07-31T11:50:12","modified_gmt":"2024-07-31T16:50:12","slug":"peru-reconoce-a-gonzalez-como-presidente-legitimo-de-venezuela-y-expulsa-a-diplomaticos-de-maduro","status":"publish","type":"post","link":"https:\/\/colombiaopina.com.co\/index.php\/2024\/07\/31\/peru-reconoce-a-gonzalez-como-presidente-legitimo-de-venezuela-y-expulsa-a-diplomaticos-de-maduro\/","title":{"rendered":"Per\u00fa reconoce a Gonz\u00e1lez como presidente leg\u00edtimo de Venezuela y expulsa a diplom\u00e1ticos de Maduro"},"content":{"rendered":"<p>En una decisi\u00f3n que podr\u00eda redefinir las relaciones internacionales en la regi\u00f3n, Per\u00fa ha reconocido oficialmente a Edmundo Gonz\u00e1lez Urrutia como el presidente leg\u00edtimo de Venezuela. El canciller peruano, Javier Gonz\u00e1lez-Olaechea, anunci\u00f3 que, tras revisar el 70% de las actas de votaci\u00f3n, se ha confirmado que Gonz\u00e1lez obtuvo una victoria contundente, superando a Nicol\u00e1s Maduro por m\u00e1s de 30 puntos porcentuales. Este reconocimiento se ha producido a pesar de la falta de publicaci\u00f3n completa de los resultados por parte del r\u00e9gimen de Maduro.<br><\/p><p>La declaraci\u00f3n de Gonz\u00e1lez-Olaechea subraya que la autoproclamaci\u00f3n de Maduro, sin transparencia en los resultados electorales, constituye un intento de consolidar un r\u00e9gimen autoritario. El canciller tambi\u00e9n indic\u00f3 que varios pa\u00edses y organismos internacionales comparten esta visi\u00f3n, lo que podr\u00eda presagiar un aislamiento internacional creciente para el gobierno de Maduro.<br><\/p><figure class=\"wp-block-image size-full\"><img loading=\"lazy\" decoding=\"async\" width=\"640\" height=\"360\" src=\"https:\/\/colombiaopina.com.co\/wp-content\/uploads\/2024\/07\/IMG_4704.webp\" alt=\"\" class=\"wp-image-7027\" srcset=\"https:\/\/colombiaopina.com.co\/wp-content\/uploads\/2024\/07\/IMG_4704.webp 640w, https:\/\/colombiaopina.com.co\/wp-content\/uploads\/2024\/07\/IMG_4704-300x169.webp 300w, https:\/\/colombiaopina.com.co\/wp-content\/uploads\/2024\/07\/IMG_4704-150x84.webp 150w, https:\/\/colombiaopina.com.co\/wp-content\/uploads\/2024\/07\/IMG_4704-600x338.webp 600w\" sizes=\"(max-width: 640px) 100vw, 640px\" \/><\/figure><p>Adem\u00e1s del reconocimiento a Gonz\u00e1lez, el gobierno peruano ha tomado medidas diplom\u00e1ticas firmes, ordenando la salida del personal diplom\u00e1tico venezolano en Per\u00fa dentro de las pr\u00f3ximas 72 horas. Esta medida destaca el rechazo del pa\u00eds sudamericano a las pol\u00edticas del r\u00e9gimen de Maduro y su apoyo a la democracia y los derechos humanos en Venezuela.<br><\/p><p>Per\u00fa ha expresado su preocupaci\u00f3n por la situaci\u00f3n de los derechos humanos en Venezuela, incluyendo la detenci\u00f3n del l\u00edder opositor Freddy Superlano. Este posicionamiento de Per\u00fa refleja un compromiso con la defensa de los principios democr\u00e1ticos y el respeto a la voluntad popular, esperando que otras naciones sigan su ejemplo y se posicionen en favor de la legitimidad y la transparencia electoral en Venezuela.<\/p>","protected":false},"excerpt":{"rendered":"<p>En una decisi\u00f3n que podr\u00eda redefinir las relaciones internacionales en la regi\u00f3n, Per\u00fa ha reconocido oficialmente a Edmundo Gonz\u00e1lez Urrutia como el presidente leg\u00edtimo de Venezuela. El canciller peruano, Javier Gonz\u00e1lez-Olaechea, anunci\u00f3 que, tras revisar el 70% de las actas de votaci\u00f3n, se ha confirmado que Gonz\u00e1lez obtuvo una victoria contundente, superando a Nicol\u00e1s Maduro [&hellip;]<\/p>\n","protected":false},"author":4,"featured_media":7046,"comment_status":"open","ping_status":"open","sticky":false,"template":"","format":"standard","meta":{"tdm_status":"","tdm_grid_status":"","_jetpack_memberships_contains_paid_content":false,"footnotes":""},"categories":[53,86],"tags":[1991,588,713,583],"class_list":{"0":"post-7045","1":"post","2":"type-post","3":"status-publish","4":"format-standard","5":"has-post-thumbnail","7":"category-internacional","8":"category-politica","9":"tag-edmundo","10":"tag-maduro","11":"tag-peru","12":"tag-venezuela"},"jetpack_sharing_enabled":true,"jetpack_featured_media_url":"https:\/\/colombiaopina.com.co\/wp-content\/uploads\/2024\/07\/5NBIYR7ZCZFPLIKUUU73WRJRVQ.avif","amp_enabled":true,"_links":{"self":[{"href":"https:\/\/colombiaopina.com.co\/index.php\/wp-json\/wp\/v2\/posts\/7045"}],"collection":[{"href":"https:\/\/colombiaopina.com.co\/index.php\/wp-json\/wp\/v2\/posts"}],"about":[{"href":"https:\/\/colombiaopina.com.co\/index.php\/wp-json\/wp\/v2\/types\/post"}],"author":[{"embeddable":true,"href":"https:\/\/colombiaopina.com.co\/index.php\/wp-json\/wp\/v2\/users\/4"}],"replies":[{"embeddable":true,"href":"https:\/\/colombiaopina.com.co\/index.php\/wp-json\/wp\/v2\/comments?post=7045"}],"version-history":[{"count":1,"href":"https:\/\/colombiaopina.com.co\/index.php\/wp-json\/wp\/v2\/posts\/7045\/revisions"}],"predecessor-version":[{"id":7049,"href":"https:\/\/colombiaopina.com.co\/index.php\/wp-json\/wp\/v2\/posts\/7045\/revisions\/7049"}],"wp:featuredmedia":[{"embeddable":true,"href":"https:\/\/colombiaopina.com.co\/index.php\/wp-json\/wp\/v2\/media\/7046"}],"wp:attachment":[{"href":"https:\/\/colombiaopina.com.co\/index.php\/wp-json\/wp\/v2\/media?parent=7045"}],"wp:term":[{"taxonomy":"category","embeddable":true,"href":"https:\/\/colombiaopina.com.co\/index.php\/wp-json\/wp\/v2\/categories?post=7045"},{"taxonomy":"post_tag","embeddable":true,"href":"https:\/\/colombiaopina.com.co\/index.php\/wp-json\/wp\/v2\/tags?post=7045"}],"curies":[{"name":"wp","href":"https:\/\/api.w.org\/{rel}","templated":true}]}}