{"id":7044,"date":"2024-07-31T11:48:45","date_gmt":"2024-07-31T16:48:45","guid":{"rendered":"https:\/\/colombiaopina.com.co\/?p=7044"},"modified":"2024-07-31T11:48:50","modified_gmt":"2024-07-31T16:48:50","slug":"costa-rica-ofrece-asilo-politico-a-lideres-opositores-venezolanos-maria-corina-machado-y-edmundo-gonzalez","status":"publish","type":"post","link":"https:\/\/colombiaopina.com.co\/index.php\/2024\/07\/31\/costa-rica-ofrece-asilo-politico-a-lideres-opositores-venezolanos-maria-corina-machado-y-edmundo-gonzalez\/","title":{"rendered":"Costa Rica ofrece asilo pol\u00edtico a l\u00edderes opositores venezolanos Mar\u00eda Corina Machado y Edmundo Gonz\u00e1lez"},"content":{"rendered":"<p>En una decisi\u00f3n que ha generado gran expectativa internacional, el gobierno de Costa Rica, a trav\u00e9s de su canciller Arnoldo Andr\u00e9, ha ofrecido asilo pol\u00edtico a los l\u00edderes opositores venezolanos Mar\u00eda Corina Machado y Edmundo Gonz\u00e1lez Urrutia. Esta oferta se hizo p\u00fablica despu\u00e9s de que se conociera la existencia de \u00f3rdenes de captura contra ambos, emitidas por el r\u00e9gimen de Nicol\u00e1s Maduro. Seg\u00fan las autoridades costarricenses, Machado y Gonz\u00e1lez enfrentan una creciente represi\u00f3n y persecuci\u00f3n pol\u00edtica en Venezuela, lo que ha motivado el ofrecimiento de refugio.<br><\/p><p>El canciller Andr\u00e9 declar\u00f3 que Costa Rica est\u00e1 dispuesta a acoger a cualquier opositor que se encuentre en peligro, resaltando la disposici\u00f3n del pa\u00eds para brindar protecci\u00f3n a aquellos que buscan asilo en su embajada en Venezuela. Esta postura se alinea con el compromiso de Costa Rica de defender los derechos humanos y ofrecer un refugio seguro para quienes huyen de la persecuci\u00f3n pol\u00edtica.<br><\/p><p>Mar\u00eda Corina Machado, en respuesta al ofrecimiento, expres\u00f3 su agradecimiento por la hospitalidad del gobierno costarricense, pero reiter\u00f3 su compromiso de continuar \u00abla lucha junto a la gente\u00bb desde su pa\u00eds natal. Por su parte, Edmundo Gonz\u00e1lez no ha hecho declaraciones p\u00fablicas respecto a la oferta de asilo.<br><\/p><figure class=\"wp-block-image size-full\"><img loading=\"lazy\" decoding=\"async\" width=\"640\" height=\"427\" src=\"https:\/\/colombiaopina.com.co\/wp-content\/uploads\/2024\/07\/IMG_4706.jpeg\" alt=\"\" class=\"wp-image-7025\" srcset=\"https:\/\/colombiaopina.com.co\/wp-content\/uploads\/2024\/07\/IMG_4706.jpeg 640w, https:\/\/colombiaopina.com.co\/wp-content\/uploads\/2024\/07\/IMG_4706-300x200.jpeg 300w, https:\/\/colombiaopina.com.co\/wp-content\/uploads\/2024\/07\/IMG_4706-150x100.jpeg 150w, https:\/\/colombiaopina.com.co\/wp-content\/uploads\/2024\/07\/IMG_4706-600x400.jpeg 600w\" sizes=\"(max-width: 640px) 100vw, 640px\" \/><\/figure><p>Paralelamente, el presidente de la Asamblea Nacional de Venezuela, Jorge Rodr\u00edguez, ha intensificado sus ataques contra Machado y Gonz\u00e1lez, acus\u00e1ndolos de liderar una \u00abconspiraci\u00f3n fascista\u00bb y solicitando su encarcelamiento. Rodr\u00edguez calific\u00f3 a Gonz\u00e1lez como el \u00abjefe de la conspiraci\u00f3n\u00bb y a su equipo de campa\u00f1a como un \u00abcomando de acci\u00f3n violenta\u00bb destinado a incitar una guerra civil. Adem\u00e1s, desestim\u00f3 las actas presentadas por la oposici\u00f3n, que supuestamente demostrar\u00edan una victoria abrumadora para Gonz\u00e1lez en las recientes elecciones.<br><\/p><p>Esta situaci\u00f3n a\u00f1ade una nueva capa de tensi\u00f3n a la ya complicada situaci\u00f3n pol\u00edtica en Venezuela, mientras la comunidad internacional observa de cerca los desarrollos y posibles repercusiones. La oferta de asilo de Costa Rica subraya el apoyo internacional a los derechos humanos y la democracia en la regi\u00f3n.<\/p>","protected":false},"excerpt":{"rendered":"<p>En una decisi\u00f3n que ha generado gran expectativa internacional, el gobierno de Costa Rica, a trav\u00e9s de su canciller Arnoldo Andr\u00e9, ha ofrecido asilo pol\u00edtico a los l\u00edderes opositores venezolanos Mar\u00eda Corina Machado y Edmundo Gonz\u00e1lez Urrutia. Esta oferta se hizo p\u00fablica despu\u00e9s de que se conociera la existencia de \u00f3rdenes de captura contra ambos, [&hellip;]<\/p>\n","protected":false},"author":4,"featured_media":7024,"comment_status":"open","ping_status":"open","sticky":false,"template":"","format":"standard","meta":{"tdm_status":"","tdm_grid_status":"","_jetpack_memberships_contains_paid_content":false,"footnotes":""},"categories":[53,49,86,41],"tags":[853,2072,1156,127,65,583],"class_list":{"0":"post-7044","1":"post","2":"type-post","3":"status-publish","4":"format-standard","5":"has-post-thumbnail","7":"category-internacional","8":"category-orden-publico","9":"category-politica","10":"category-seguridad","11":"tag-corina","12":"tag-costa-rica","13":"tag-edmundo-gonzales","14":"tag-orden-publico","15":"tag-seguridad","16":"tag-venezuela"},"jetpack_sharing_enabled":true,"jetpack_featured_media_url":"https:\/\/colombiaopina.com.co\/wp-content\/uploads\/2024\/07\/IMG_4707.jpeg","amp_enabled":true,"_links":{"self":[{"href":"https:\/\/colombiaopina.com.co\/index.php\/wp-json\/wp\/v2\/posts\/7044"}],"collection":[{"href":"https:\/\/colombiaopina.com.co\/index.php\/wp-json\/wp\/v2\/posts"}],"about":[{"href":"https:\/\/colombiaopina.com.co\/index.php\/wp-json\/wp\/v2\/types\/post"}],"author":[{"embeddable":true,"href":"https:\/\/colombiaopina.com.co\/index.php\/wp-json\/wp\/v2\/users\/4"}],"replies":[{"embeddable":true,"href":"https:\/\/colombiaopina.com.co\/index.php\/wp-json\/wp\/v2\/comments?post=7044"}],"version-history":[{"count":1,"href":"https:\/\/colombiaopina.com.co\/index.php\/wp-json\/wp\/v2\/posts\/7044\/revisions"}],"predecessor-version":[{"id":7047,"href":"https:\/\/colombiaopina.com.co\/index.php\/wp-json\/wp\/v2\/posts\/7044\/revisions\/7047"}],"wp:featuredmedia":[{"embeddable":true,"href":"https:\/\/colombiaopina.com.co\/index.php\/wp-json\/wp\/v2\/media\/7024"}],"wp:attachment":[{"href":"https:\/\/colombiaopina.com.co\/index.php\/wp-json\/wp\/v2\/media?parent=7044"}],"wp:term":[{"taxonomy":"category","embeddable":true,"href":"https:\/\/colombiaopina.com.co\/index.php\/wp-json\/wp\/v2\/categories?post=7044"},{"taxonomy":"post_tag","embeddable":true,"href":"https:\/\/colombiaopina.com.co\/index.php\/wp-json\/wp\/v2\/tags?post=7044"}],"curies":[{"name":"wp","href":"https:\/\/api.w.org\/{rel}","templated":true}]}}