{"id":7018,"date":"2024-07-31T11:42:26","date_gmt":"2024-07-31T16:42:26","guid":{"rendered":"https:\/\/colombiaopina.com.co\/?p=7018"},"modified":"2024-07-31T11:42:32","modified_gmt":"2024-07-31T16:42:32","slug":"maduro-acusa-a-musk-y-cia-de-conspiracion-mientras-ordena-militarizacion-de-venezuela","status":"publish","type":"post","link":"https:\/\/colombiaopina.com.co\/index.php\/2024\/07\/31\/maduro-acusa-a-musk-y-cia-de-conspiracion-mientras-ordena-militarizacion-de-venezuela\/","title":{"rendered":"Maduro acusa a Musk y CIA de conspiraci\u00f3n mientras ordena militarizaci\u00f3n de Venezuela"},"content":{"rendered":"<p>En un reciente anuncio transmitido en redes sociales, el presidente de Venezuela, Nicol\u00e1s Maduro, ha ordenado la militarizaci\u00f3n de varias ciudades del pa\u00eds. Esta decisi\u00f3n surge en medio de intensas protestas que rechazan los resultados electorales que lo reelegieron para un tercer mandato consecutivo. Seg\u00fan informes, miles de ciudadanos han tomado las calles, manifestando su desacuerdo y exigiendo transparencia en el proceso electoral.<br><\/p><p>Maduro no solo responsabiliz\u00f3 a sus opositores pol\u00edticos, Edmundo Gonz\u00e1lez Urrutia y Mar\u00eda Corina Machado, por la violencia en las protestas, sino que tambi\u00e9n lanz\u00f3 acusaciones sorprendentes. En su discurso, afirm\u00f3 que las manifestaciones est\u00e1n siendo respaldadas por \u00abuna arremetida internacional\u00bb que involucra al magnate Elon Musk y al narcotr\u00e1fico colombiano. Seg\u00fan el mandatario, Musk estar\u00eda colaborando con agencias estadounidenses en un intento por desestabilizar el pa\u00eds.<br><\/p><figure class=\"wp-block-image size-full\"><img loading=\"lazy\" decoding=\"async\" width=\"828\" height=\"552\" src=\"https:\/\/colombiaopina.com.co\/wp-content\/uploads\/2024\/07\/IMG_4708.jpeg\" alt=\"\" class=\"wp-image-7023\" srcset=\"https:\/\/colombiaopina.com.co\/wp-content\/uploads\/2024\/07\/IMG_4708.jpeg 828w, https:\/\/colombiaopina.com.co\/wp-content\/uploads\/2024\/07\/IMG_4708-300x200.jpeg 300w, https:\/\/colombiaopina.com.co\/wp-content\/uploads\/2024\/07\/IMG_4708-768x512.jpeg 768w, https:\/\/colombiaopina.com.co\/wp-content\/uploads\/2024\/07\/IMG_4708-150x100.jpeg 150w, https:\/\/colombiaopina.com.co\/wp-content\/uploads\/2024\/07\/IMG_4708-696x464.jpeg 696w, https:\/\/colombiaopina.com.co\/wp-content\/uploads\/2024\/07\/IMG_4708-600x400.jpeg 600w\" sizes=\"(max-width: 828px) 100vw, 828px\" \/><\/figure><p>El presidente tambi\u00e9n present\u00f3 videos de los disturbios, mostrando la destrucci\u00f3n de bienes p\u00fablicos, incluidos veh\u00edculos policiales, y afirm\u00f3 que algunos manifestantes estaban bajo los efectos de una droga llamada captag\u00f3n, supuestamente usada por la CIA para manipular mercenarios. Estas declaraciones, sin embargo, carecen de pruebas concretas y han sido recibidas con escepticismo por diversos sectores.<br><\/p><p>Mientras tanto, la comunidad internacional y organizaciones de derechos humanos han expresado su preocupaci\u00f3n por la escalada de violencia y la militarizaci\u00f3n de las ciudades venezolanas. La situaci\u00f3n en Venezuela sigue siendo tensa, con un creciente clamor por auditor\u00edas independientes de los resultados electorales y una revisi\u00f3n de los derechos democr\u00e1ticos en el pa\u00eds.<\/p>","protected":false},"excerpt":{"rendered":"<p>En un reciente anuncio transmitido en redes sociales, el presidente de Venezuela, Nicol\u00e1s Maduro, ha ordenado la militarizaci\u00f3n de varias ciudades del pa\u00eds. Esta decisi\u00f3n surge en medio de intensas protestas que rechazan los resultados electorales que lo reelegieron para un tercer mandato consecutivo. Seg\u00fan informes, miles de ciudadanos han tomado las calles, manifestando su [&hellip;]<\/p>\n","protected":false},"author":4,"featured_media":7022,"comment_status":"open","ping_status":"open","sticky":false,"template":"","format":"standard","meta":{"tdm_status":"","tdm_grid_status":"","_jetpack_memberships_contains_paid_content":false,"footnotes":""},"categories":[53],"tags":[2071,588,583],"class_list":{"0":"post-7018","1":"post","2":"type-post","3":"status-publish","4":"format-standard","5":"has-post-thumbnail","7":"category-internacional","8":"tag-cia","9":"tag-maduro","10":"tag-venezuela"},"jetpack_sharing_enabled":true,"jetpack_featured_media_url":"https:\/\/colombiaopina.com.co\/wp-content\/uploads\/2024\/07\/IMG_4709.png","amp_enabled":true,"_links":{"self":[{"href":"https:\/\/colombiaopina.com.co\/index.php\/wp-json\/wp\/v2\/posts\/7018"}],"collection":[{"href":"https:\/\/colombiaopina.com.co\/index.php\/wp-json\/wp\/v2\/posts"}],"about":[{"href":"https:\/\/colombiaopina.com.co\/index.php\/wp-json\/wp\/v2\/types\/post"}],"author":[{"embeddable":true,"href":"https:\/\/colombiaopina.com.co\/index.php\/wp-json\/wp\/v2\/users\/4"}],"replies":[{"embeddable":true,"href":"https:\/\/colombiaopina.com.co\/index.php\/wp-json\/wp\/v2\/comments?post=7018"}],"version-history":[{"count":1,"href":"https:\/\/colombiaopina.com.co\/index.php\/wp-json\/wp\/v2\/posts\/7018\/revisions"}],"predecessor-version":[{"id":7043,"href":"https:\/\/colombiaopina.com.co\/index.php\/wp-json\/wp\/v2\/posts\/7018\/revisions\/7043"}],"wp:featuredmedia":[{"embeddable":true,"href":"https:\/\/colombiaopina.com.co\/index.php\/wp-json\/wp\/v2\/media\/7022"}],"wp:attachment":[{"href":"https:\/\/colombiaopina.com.co\/index.php\/wp-json\/wp\/v2\/media?parent=7018"}],"wp:term":[{"taxonomy":"category","embeddable":true,"href":"https:\/\/colombiaopina.com.co\/index.php\/wp-json\/wp\/v2\/categories?post=7018"},{"taxonomy":"post_tag","embeddable":true,"href":"https:\/\/colombiaopina.com.co\/index.php\/wp-json\/wp\/v2\/tags?post=7018"}],"curies":[{"name":"wp","href":"https:\/\/api.w.org\/{rel}","templated":true}]}}