{"id":7013,"date":"2024-07-30T11:04:35","date_gmt":"2024-07-30T16:04:35","guid":{"rendered":"https:\/\/colombiaopina.com.co\/?p=7013"},"modified":"2024-07-30T11:04:40","modified_gmt":"2024-07-30T16:04:40","slug":"maduro-asegura-su-continuidad-en-el-poder-sin-revision-de-actas-se-extiende-su-mandato-hasta-2031","status":"publish","type":"post","link":"https:\/\/colombiaopina.com.co\/index.php\/2024\/07\/30\/maduro-asegura-su-continuidad-en-el-poder-sin-revision-de-actas-se-extiende-su-mandato-hasta-2031\/","title":{"rendered":"Maduro asegura su continuidad en el poder sin revisi\u00f3n de actas: se extiende su mandato hasta 2031"},"content":{"rendered":"<p>En un proceso electoral marcado por la controversia, Nicol\u00e1s Maduro fue proclamado presidente electo de Venezuela por el Consejo Nacional Electoral (CNE) sin realizar verificaci\u00f3n de actas ni reconteo de votos. En menos de 24 horas tras el cierre de las urnas, el presidente del CNE, Elvis Amoroso, entreg\u00f3 a Maduro el acta de juramentaci\u00f3n, confirmando su liderazgo para el periodo 2025-2031. Esta decisi\u00f3n extiende su mandato a 17 a\u00f1os en el poder, generando reacciones a nivel nacional e internacional.<br><\/p><p>La proclamaci\u00f3n de Maduro ha suscitado cr\u00edticas y preocupaciones en diversos sectores, quienes han se\u00f1alado irregularidades en el proceso electoral. La comunidad internacional y algunos l\u00edderes opositores han solicitado transparencia, exigiendo la publicaci\u00f3n de los resultados detallados y un reconteo de votos para validar la legitimidad del proceso. Sin embargo, estas peticiones no fueron atendidas, y el CNE procedi\u00f3 con la declaraci\u00f3n oficial del ganador sin una revisi\u00f3n exhaustiva de los datos electorales.<br><\/p><p>En su discurso de aceptaci\u00f3n, Maduro celebr\u00f3 lo que describi\u00f3 como una victoria \u00abhist\u00f3rica\u00bb contra fuerzas \u00abfascistas\u00bb, haciendo referencia a sus opositores. \u00abHoy el pueblo ha hablado y ha derrotado a los demonios de la mentira y la manipulaci\u00f3n\u00bb, afirm\u00f3. Maduro prometi\u00f3 un nuevo per\u00edodo de gobierno enfocado en la prosperidad y la justicia social, reafirmando su compromiso con la paz y la dignidad del pa\u00eds.<br><\/p><figure class=\"wp-block-image size-large\"><img loading=\"lazy\" decoding=\"async\" width=\"1024\" height=\"620\" src=\"https:\/\/colombiaopina.com.co\/wp-content\/uploads\/2024\/07\/IMG_4642-1024x620.jpeg\" alt=\"\" class=\"wp-image-6957\" srcset=\"https:\/\/colombiaopina.com.co\/wp-content\/uploads\/2024\/07\/IMG_4642-1024x620.jpeg 1024w, https:\/\/colombiaopina.com.co\/wp-content\/uploads\/2024\/07\/IMG_4642-300x182.jpeg 300w, https:\/\/colombiaopina.com.co\/wp-content\/uploads\/2024\/07\/IMG_4642-768x465.jpeg 768w, https:\/\/colombiaopina.com.co\/wp-content\/uploads\/2024\/07\/IMG_4642-150x91.jpeg 150w, https:\/\/colombiaopina.com.co\/wp-content\/uploads\/2024\/07\/IMG_4642-696x421.jpeg 696w, https:\/\/colombiaopina.com.co\/wp-content\/uploads\/2024\/07\/IMG_4642-1068x647.jpeg 1068w, https:\/\/colombiaopina.com.co\/wp-content\/uploads\/2024\/07\/IMG_4642-600x363.jpeg 600w, https:\/\/colombiaopina.com.co\/wp-content\/uploads\/2024\/07\/IMG_4642.jpeg 1100w\" sizes=\"(max-width: 1024px) 100vw, 1024px\" \/><\/figure><p>El l\u00edder venezolano tambi\u00e9n aprovech\u00f3 la ocasi\u00f3n para advertir sobre intentos de desestabilizaci\u00f3n, aludiendo a un supuesto plan para un \u00abgolpe de Estado de car\u00e1cter fascista\u00bb. En un tono desafiante, Maduro asegur\u00f3 que su gobierno no permitir\u00e1 que se repita una situaci\u00f3n como la de 2019, cuando Juan Guaid\u00f3 se autoproclam\u00f3 presidente interino, generando una crisis pol\u00edtica y social en el pa\u00eds. \u00abEstamos preparados para defender la democracia y la soberan\u00eda de Venezuela ante cualquier amenaza\u00bb, concluy\u00f3.<br><\/p><p>La proclamaci\u00f3n de Nicol\u00e1s Maduro sin un proceso de verificaci\u00f3n ha dejado muchas preguntas sin respuesta y ha encendido el debate sobre el futuro de la democracia en Venezuela. Mientras tanto, la comunidad internacional observa con preocupaci\u00f3n los acontecimientos y el posible impacto en la estabilidad de la regi\u00f3n.<\/p>","protected":false},"excerpt":{"rendered":"<p>En un proceso electoral marcado por la controversia, Nicol\u00e1s Maduro fue proclamado presidente electo de Venezuela por el Consejo Nacional Electoral (CNE) sin realizar verificaci\u00f3n de actas ni reconteo de votos. En menos de 24 horas tras el cierre de las urnas, el presidente del CNE, Elvis Amoroso, entreg\u00f3 a Maduro el acta de juramentaci\u00f3n, [&hellip;]<\/p>\n","protected":false},"author":4,"featured_media":7009,"comment_status":"open","ping_status":"open","sticky":false,"template":"","format":"standard","meta":{"tdm_status":"","tdm_grid_status":"","_jetpack_memberships_contains_paid_content":false,"footnotes":""},"categories":[53,86],"tags":[588,583],"class_list":{"0":"post-7013","1":"post","2":"type-post","3":"status-publish","4":"format-standard","5":"has-post-thumbnail","7":"category-internacional","8":"category-politica","9":"tag-maduro","10":"tag-venezuela"},"jetpack_sharing_enabled":true,"jetpack_featured_media_url":"https:\/\/colombiaopina.com.co\/wp-content\/uploads\/2024\/07\/IMG_4641.jpeg","amp_enabled":true,"_links":{"self":[{"href":"https:\/\/colombiaopina.com.co\/index.php\/wp-json\/wp\/v2\/posts\/7013"}],"collection":[{"href":"https:\/\/colombiaopina.com.co\/index.php\/wp-json\/wp\/v2\/posts"}],"about":[{"href":"https:\/\/colombiaopina.com.co\/index.php\/wp-json\/wp\/v2\/types\/post"}],"author":[{"embeddable":true,"href":"https:\/\/colombiaopina.com.co\/index.php\/wp-json\/wp\/v2\/users\/4"}],"replies":[{"embeddable":true,"href":"https:\/\/colombiaopina.com.co\/index.php\/wp-json\/wp\/v2\/comments?post=7013"}],"version-history":[{"count":1,"href":"https:\/\/colombiaopina.com.co\/index.php\/wp-json\/wp\/v2\/posts\/7013\/revisions"}],"predecessor-version":[{"id":7015,"href":"https:\/\/colombiaopina.com.co\/index.php\/wp-json\/wp\/v2\/posts\/7013\/revisions\/7015"}],"wp:featuredmedia":[{"embeddable":true,"href":"https:\/\/colombiaopina.com.co\/index.php\/wp-json\/wp\/v2\/media\/7009"}],"wp:attachment":[{"href":"https:\/\/colombiaopina.com.co\/index.php\/wp-json\/wp\/v2\/media?parent=7013"}],"wp:term":[{"taxonomy":"category","embeddable":true,"href":"https:\/\/colombiaopina.com.co\/index.php\/wp-json\/wp\/v2\/categories?post=7013"},{"taxonomy":"post_tag","embeddable":true,"href":"https:\/\/colombiaopina.com.co\/index.php\/wp-json\/wp\/v2\/tags?post=7013"}],"curies":[{"name":"wp","href":"https:\/\/api.w.org\/{rel}","templated":true}]}}